{"id":295,"count":2,"description":"","link":"https:\/\/contextoanalisisperiodistico.com\/index.php\/tag\/antonioalvarezmartinez-antonioalvarezmartinez\/","name":"#Antonio\u00c1lvarezMart\u00ednez @Antonio\u00c1lvarezMart\u00ednez","slug":"antonioalvarezmartinez-antonioalvarezmartinez","taxonomy":"post_tag","meta":[],"_links":{"self":[{"href":"https:\/\/contextoanalisisperiodistico.com\/index.php\/wp-json\/wp\/v2\/tags\/295"}],"collection":[{"href":"https:\/\/contextoanalisisperiodistico.com\/index.php\/wp-json\/wp\/v2\/tags"}],"about":[{"href":"https:\/\/contextoanalisisperiodistico.com\/index.php\/wp-json\/wp\/v2\/taxonomies\/post_tag"}],"wp:post_type":[{"href":"https:\/\/contextoanalisisperiodistico.com\/index.php\/wp-json\/wp\/v2\/posts?tags=295"}],"curies":[{"name":"wp","href":"https:\/\/api.w.org\/{rel}","templated":true}]}}