{"id":9992,"date":"2023-03-09T13:22:18","date_gmt":"2023-03-09T19:22:18","guid":{"rendered":"https:\/\/contextoanalisisperiodistico.com\/?p=9992"},"modified":"2023-03-09T13:23:38","modified_gmt":"2023-03-09T19:23:38","slug":"con-torneo-de-futbol-7-djs-celebran-el-dia-internacional-del-disc-jockey","status":"publish","type":"post","link":"https:\/\/contextoanalisisperiodistico.com\/index.php\/2023\/03\/09\/con-torneo-de-futbol-7-djs-celebran-el-dia-internacional-del-disc-jockey\/","title":{"rendered":"Con Torneo de Futbol 7, DJ\u2019s celebran el \u201cD\u00eda Internacional del Disc-Jockey\u201d"},"content":{"rendered":"<div id=\"fb-root\"><\/div>\n\n<p>\u00a0Oaxaca de Ju\u00e1rez, Oax., 9 de Marzo 2023.- Al celebrarse el \u201cD\u00eda Internacional del Disc-Jockey\u201d (DJ), mediante el cual se reconoce a todos los dise\u00f1adores de m\u00fasica en sus diversas variantes y g\u00e9neros en el proceso de la transformaci\u00f3n, selecci\u00f3n y mezcla de m\u00fasica grabada e incluso de su autor\u00eda, se llev\u00f3 a cabo un torneo rel\u00e1mpago deportivo de Futbol 7, en el cual participaron conocidos exponentes musicales oaxaque\u00f1os.<\/p>\n\n\n\n<p>Con la presencia de familiares y amigos as\u00ed como de los equipos y Staff T\u00e9cnico que integran los diversos exponentes musicales que se dieron cita en el Club Deportivo \u201cLobos\u201d de San Jacinto Amilpas, y que por conducto de su titular, Luis Rodr\u00edguez Mayoral, brind\u00f3 todas las facilidades para estos cotejos, en el cual participaron los m\u00e1ximos exponentes de este g\u00e9nero de la capital oaxaque\u00f1a, Valles Centrales, as\u00ed como otros invitados. Coordinados por el representante y DJ\u2019s de Luz y Sonido \u201cBuraka\u201d Jes\u00fas Ram\u00edrez, los representantes de Luz y Sonido y Dj\u2019s de: \u201cThe Davi\u2019s D\u2019j, David Javier Espinoza; \u201d \u201cMadonas\u201d, Carlos Gal\u00e1n; \u201cMagos\u201d,<\/p>\n\n\n\n<p>Jhonatan Magos; \u201cSismo\u201d Samuel; \u201cWinners\u201d, Jacobo Jara; \u201cVagabundos\u201d, Edmundo Sibaja; \u201cNR Music<\/p>\n\n\n\n<p>&amp; Sound\u201d, No\u00e9 Ram\u00edrez; \u201cCongo\u201d, Alfredo G\u00f3mez; \u201cQuins\u201d, Joaqu\u00edn R\u00edos;&nbsp; \u201cQuins\u201d, Joaqu\u00edn Almaraz; \u201cCongo\u201d, Alfredo G\u00f3mez; \u201cSpartacus\u201d, Pablo Garc\u00eda; \u201cLatinos\u201d, Arturo Ram\u00edrez; al igual que los DJ\u2019s, Iv\u00e1n Poblete, \u201cCl\u00e1sic\u201d, y Efren Luis, entre otros y al igual que los diversos equipos y Staff t\u00e9cnico compartieron adem\u00e1s diversas experiencias de su actividad profesional.<\/p>\n\n\n\n<p>\u201cSer Dj representa una gran responsabilidad, tarea y compromiso con la sociedad en su conjunto, porque tenemos que adecuarnos a la necesidad e inter\u00e9s de quienes est\u00e1n \u00e1vidos de una celebraci\u00f3n profesional, garante de \u00e9xito, porque somos parte fundamental de esa algarab\u00eda familiar para hacer de sus eventos sociales un grato recuerdo y una gran experiencia compartida, llena de emociones para los festejados, anfitriones e invitados\u201d, se\u00f1al\u00f3 Jes\u00fas Ram\u00edrez.<\/p>\n\n\n\n<p>\u201cQuiz\u00e1s muchos so\u00f1amos desde ni\u00f1os ser Dj\u2019s, y con el paso de los a\u00f1os, se vuelve parte de una vida cotidiana y m\u00e1s a\u00fan de vocaci\u00f3n, porque tienes que ser profesional para alegrar a cientos de invitados que en muchos de los casos est\u00e1n \u00e1vidos de buena m\u00fasica, sonido, iluminaci\u00f3n y ambientaci\u00f3n\u201d, a\u00f1ad\u00eda.<\/p>\n\n\n\n<p>Los congregados en este Torneo Rel\u00e1mpago, quienes este d\u00eda se dar\u00e1n cita en conocido restaurant de la<\/p>\n\n\n\n<p>Calle de Ray\u00f3n, para celebrar su d\u00eda, enfatizaron que ser D\u2019j, es una pasi\u00f3n y parte de la vida misma. A nosotros nos deja una gran satisfacci\u00f3n nuestra labor porque en el transcurso de todo evento tienes que autoevaluar tu trabajo y corresponder a las exigencias del p\u00fablico para alegrar, animar y satisfacer ese deseo de festividad que demandan.&nbsp;<\/p>\n\n\n\n<p>\u201cSi lo haces, indudablemente que tambi\u00e9n eres feliz y m\u00e1s si al t\u00e9rmino de una presentaci\u00f3n la gente reconoce el trabajo de los dise\u00f1adores de m\u00fasica; el p\u00fablico indudablemente sabe de m\u00fasica y por ello tenemos que pensar primero en ellos no en uno\u201d.&nbsp;<\/p>\n\n\n\n<p>Si, son ellos, los Disc-Jockey\u2019s, quienes producto de su vida laboral y particular invierten en modernos equipos para dar lo mejor de s\u00ed en m\u00faltiples eventos sociales, religiosos, culturales, deportivos, civiles, pol\u00edticos, entre otros, para dar lo mejor de s\u00ed, actualiz\u00e1ndose con tecnolog\u00eda de punta con bocinas, luces rob\u00f3ticas, amplificadores, computadoras, controladores, pistas y hacer de todo evento una algarab\u00eda y satisfacci\u00f3n del cliente y del respetable. (Joel JAV IER).<\/p>\n","protected":false},"excerpt":{"rendered":"<p>\u00a0Oaxaca de Ju\u00e1rez, Oax., 9 de Marzo 2023.- Al celebrarse el \u201cD\u00eda Internacional del Disc-Jockey\u201d&#8230;<\/p>\n","protected":false},"author":4,"featured_media":0,"comment_status":"open","ping_status":"open","sticky":false,"template":"","format":"standard","meta":{"footnotes":""},"categories":[5],"tags":[],"jetpack_sharing_enabled":true,"featured_image_urls":{"full":"","thumbnail":"","medium":"","medium_large":"","large":"","1536x1536":"","2048x2048":"","covernews-slider-full":"","covernews-slider-center":"","covernews-featured":"","covernews-medium":"","covernews-medium-square":""},"author_info":{"display_name":"Mario Gir\u00f3n","author_link":"https:\/\/contextoanalisisperiodistico.com\/index.php\/author\/director\/"},"category_info":"<a href=\"https:\/\/contextoanalisisperiodistico.com\/index.php\/category\/deportes\/\" rel=\"category tag\">Deportes<\/a>","tag_info":"Deportes","comment_count":"0","jetpack_featured_media_url":"","_links":{"self":[{"href":"https:\/\/contextoanalisisperiodistico.com\/index.php\/wp-json\/wp\/v2\/posts\/9992"}],"collection":[{"href":"https:\/\/contextoanalisisperiodistico.com\/index.php\/wp-json\/wp\/v2\/posts"}],"about":[{"href":"https:\/\/contextoanalisisperiodistico.com\/index.php\/wp-json\/wp\/v2\/types\/post"}],"author":[{"embeddable":true,"href":"https:\/\/contextoanalisisperiodistico.com\/index.php\/wp-json\/wp\/v2\/users\/4"}],"replies":[{"embeddable":true,"href":"https:\/\/contextoanalisisperiodistico.com\/index.php\/wp-json\/wp\/v2\/comments?post=9992"}],"version-history":[{"count":1,"href":"https:\/\/contextoanalisisperiodistico.com\/index.php\/wp-json\/wp\/v2\/posts\/9992\/revisions"}],"predecessor-version":[{"id":9994,"href":"https:\/\/contextoanalisisperiodistico.com\/index.php\/wp-json\/wp\/v2\/posts\/9992\/revisions\/9994"}],"wp:attachment":[{"href":"https:\/\/contextoanalisisperiodistico.com\/index.php\/wp-json\/wp\/v2\/media?parent=9992"}],"wp:term":[{"taxonomy":"category","embeddable":true,"href":"https:\/\/contextoanalisisperiodistico.com\/index.php\/wp-json\/wp\/v2\/categories?post=9992"},{"taxonomy":"post_tag","embeddable":true,"href":"https:\/\/contextoanalisisperiodistico.com\/index.php\/wp-json\/wp\/v2\/tags?post=9992"}],"curies":[{"name":"wp","href":"https:\/\/api.w.org\/{rel}","templated":true}]}}