{"id":9964,"date":"2023-03-09T07:36:22","date_gmt":"2023-03-09T13:36:22","guid":{"rendered":"https:\/\/contextoanalisisperiodistico.com\/?p=9964"},"modified":"2023-03-09T07:36:34","modified_gmt":"2023-03-09T13:36:34","slug":"municipio-capitalino-reconoce-a-destacadas-mujeres","status":"publish","type":"post","link":"https:\/\/contextoanalisisperiodistico.com\/index.php\/2023\/03\/09\/municipio-capitalino-reconoce-a-destacadas-mujeres\/","title":{"rendered":"Municipio capitalino reconoce a destacadas mujeres"},"content":{"rendered":"<div id=\"fb-root\"><\/div>\n\n<ul>\n<li>Entregan Distinci\u00f3n Mujer Oaxaque\u00f1a 2023 \u201cCasilda Flores Morales\u201d a 12 mujeres.<\/li>\n<\/ul>\n\n\n\n<p>En el marco del D\u00eda Internacional de la Mujer, se llev\u00f3 a cabo la Sesi\u00f3n Solemne de Cabildo, en la cual el edil capitalino, Francisco Mart\u00ednez Neri entreg\u00f3 la Distinci\u00f3n Mujer Oaxaque\u00f1a 2023 \u00abCasilda Flores Morales\u00bb a doce mujeres, as\u00ed como una menci\u00f3n especial.<\/p>\n\n\n\n<p>Es importante mencionar que \u00e9ste galard\u00f3n que entrega el municipio, reconoce el quehacer ciudadano, pol\u00edtico y social de las mujeres en todos los \u00e1mbitos, siendo muestra de dedicaci\u00f3n, talento y actuar.<\/p>\n\n\n\n<p>Acompa\u00f1ado de Elisa Zepeda Lagunas, titular de la Secretar\u00eda de las Mujeres, en representaci\u00f3n del gobernador del estado, Salom\u00f3n Jara Cruz, la diputada local por el Distrito XIII Oaxaca Sur, Lizett Arroyo Rodr\u00edguez y la Teniente Coronel, Dalila Pachuca Gonz\u00e1lez, el edil capitalino destac\u00f3 que a\u00fan falta mucho por hacer; pero se debe continuar en la ruta correcta insistiendo en las premisas de igualdad e inclusi\u00f3n para las mujeres.<\/p>\n\n\n\n<p>En este sentido, manifest\u00f3 que a\u00fan hay mujeres violentadas. \u00bb Esto ya no puede permitirse y es tarea de todos nosotros evitarlo\u201d, acot\u00f3.<\/p>\n\n\n\n<p>\u201cD\u00e9monos la oportunidad de ser felices y asegurarnos un futuro mejor, trabajemos juntos por la ciudad educadora que todas y todos merecemos\u201d, finaliz\u00f3 el primer concejal.<\/p>\n\n\n\n<p>Por su parte, la regidora de Igualdad de G\u00e9nero y de la Ciudad Educadora, Deyanira Altamirano G\u00f3mez, se\u00f1al\u00f3 que el reconocimiento a las mujeres debe mantenerse no solo en fechas significativas como esta, sino en el d\u00eda a d\u00eda, as\u00ed como fortalecer su autonom\u00eda, empoderamiento y crear las condiciones para su pleno desarrollo.<\/p>\n\n\n\n<p>\u201cMi reconocimiento y felicitaciones a todas las participantes. El Municipio de Oaxaca de Ju\u00e1rez se enorgullece de su labor y su talento\u201d, subray\u00f3.<\/p>\n\n\n\n<p>Asimismo las y los concejales entregaron un reconocimiento a Irinea Valera Avelina, nieta de Casilda Flores Morales, la cual es nombrada, recordada y reconocida por el municipio capitalino gracias a sus aportaciones a la cultura y tradiciones oaxaque\u00f1as.<\/p>\n\n\n\n<p>De esta manera las galardonadas 2023 son: Dora Cecilia Aceves Mart\u00ednez, \u00c1ngela Anselma Hurtado, Mar\u00eda Luc\u00eda Araceli Cruz V\u00e1squez, Julieta, Consuelo Cruz Pulido, Matilde Cuevas Rosas, Juana Garc\u00eda Mart\u00ednez, Flora Guti\u00e9rrez Guti\u00e9rrez, Emelia Ortiz Garc\u00eda, Alejandra Pacheco Pineda, Roc\u00edo Susana Rojas Ram\u00edrez, Nadia Monserrat Toribio L\u00f3pez, Ver\u00f3nica Arlet Victoria Velasco y una menci\u00f3n especial a M\u00f3nica Ortiz \u00c1lvarez, quienes en este d\u00eda tan especial, en el que se conmemora la lucha de las mujeres por sus derechos y su empoderamiento, demuestran ser un ejemplo de dedicaci\u00f3n, talento y esfuerzo, y es un honor reconocer su valioso aporte a la ciudad.<\/p>\n\n\n\n<figure class=\"wp-block-image size-large\"><img decoding=\"async\" src=\"https:\/\/contextoanalisisperiodistico.com\/wp-content\/uploads\/2023\/03\/img-20230309-wa00026325518334842396049-1024x683.jpg\" alt=\"\" class=\"wp-image-9968\"\/><\/figure>\n\n\n\n<figure class=\"wp-block-image\"><img decoding=\"async\" src=\"https:\/\/contextoanalisisperiodistico.com\/wp-content\/uploads\/2023\/03\/img-20230309-wa00036120558328999708091-1024x683.jpg\" alt=\"\" class=\"wp-image-9967\"\/><\/figure>\n\n\n\n<figure class=\"wp-block-image\"><img decoding=\"async\" src=\"https:\/\/contextoanalisisperiodistico.com\/wp-content\/uploads\/2023\/03\/img-20230309-wa00043241540092670394490-1024x683.jpg\" alt=\"\" class=\"wp-image-9969\"\/><\/figure>\n","protected":false},"excerpt":{"rendered":"<p>En el marco del D\u00eda Internacional de la Mujer, se llev\u00f3 a cabo la Sesi\u00f3n&#8230;<\/p>\n","protected":false},"author":4,"featured_media":0,"comment_status":"open","ping_status":"open","sticky":false,"template":"","format":"standard","meta":{"footnotes":""},"categories":[9],"tags":[],"jetpack_sharing_enabled":true,"featured_image_urls":{"full":"","thumbnail":"","medium":"","medium_large":"","large":"","1536x1536":"","2048x2048":"","covernews-slider-full":"","covernews-slider-center":"","covernews-featured":"","covernews-medium":"","covernews-medium-square":""},"author_info":{"display_name":"Mario Gir\u00f3n","author_link":"https:\/\/contextoanalisisperiodistico.com\/index.php\/author\/director\/"},"category_info":"<a href=\"https:\/\/contextoanalisisperiodistico.com\/index.php\/category\/politica\/\" rel=\"category tag\">Pol\u00edtica<\/a>","tag_info":"Pol\u00edtica","comment_count":"0","jetpack_featured_media_url":"","_links":{"self":[{"href":"https:\/\/contextoanalisisperiodistico.com\/index.php\/wp-json\/wp\/v2\/posts\/9964"}],"collection":[{"href":"https:\/\/contextoanalisisperiodistico.com\/index.php\/wp-json\/wp\/v2\/posts"}],"about":[{"href":"https:\/\/contextoanalisisperiodistico.com\/index.php\/wp-json\/wp\/v2\/types\/post"}],"author":[{"embeddable":true,"href":"https:\/\/contextoanalisisperiodistico.com\/index.php\/wp-json\/wp\/v2\/users\/4"}],"replies":[{"embeddable":true,"href":"https:\/\/contextoanalisisperiodistico.com\/index.php\/wp-json\/wp\/v2\/comments?post=9964"}],"version-history":[{"count":2,"href":"https:\/\/contextoanalisisperiodistico.com\/index.php\/wp-json\/wp\/v2\/posts\/9964\/revisions"}],"predecessor-version":[{"id":9970,"href":"https:\/\/contextoanalisisperiodistico.com\/index.php\/wp-json\/wp\/v2\/posts\/9964\/revisions\/9970"}],"wp:attachment":[{"href":"https:\/\/contextoanalisisperiodistico.com\/index.php\/wp-json\/wp\/v2\/media?parent=9964"}],"wp:term":[{"taxonomy":"category","embeddable":true,"href":"https:\/\/contextoanalisisperiodistico.com\/index.php\/wp-json\/wp\/v2\/categories?post=9964"},{"taxonomy":"post_tag","embeddable":true,"href":"https:\/\/contextoanalisisperiodistico.com\/index.php\/wp-json\/wp\/v2\/tags?post=9964"}],"curies":[{"name":"wp","href":"https:\/\/api.w.org\/{rel}","templated":true}]}}