{"id":9935,"date":"2023-03-08T15:37:17","date_gmt":"2023-03-08T21:37:17","guid":{"rendered":"https:\/\/contextoanalisisperiodistico.com\/?p=9935"},"modified":"2023-03-08T15:37:23","modified_gmt":"2023-03-08T21:37:23","slug":"la-transformacion-de-oaxaca-se-lograra-con-una-sociedad-justae-igualitaria-para-las-mujeres-irma-bolanos","status":"publish","type":"post","link":"https:\/\/contextoanalisisperiodistico.com\/index.php\/2023\/03\/08\/la-transformacion-de-oaxaca-se-lograra-con-una-sociedad-justae-igualitaria-para-las-mujeres-irma-bolanos\/","title":{"rendered":"La transformaci\u00f3n de Oaxaca se lograr\u00e1 con una sociedad justa<br>e igualitaria para las mujeres: Irma Bola\u00f1os"},"content":{"rendered":"<div id=\"fb-root\"><\/div>\n\n<p>\u2022 En el D\u00eda Internacional de la Mujer, la Presidenta Honoraria del DIF Oaxaca se pronuncia por hacer visible el papel de las mujeres y para que sus derechos sean respetados<\/p>\n\n\n\n<p><br>Santa Luc\u00eda del Camino, Oax. 8 de marzo de 2023.- En el marco del D\u00eda Internacional de la Mujer que se conmemora cada 8 de marzo, Irma Bola\u00f1os Quijano, Presidenta Honoraria del DIF estatal se pronunci\u00f3 por visibilizar el papel de las mujeres para transformar al Estado de Oaxaca desde los \u00e1mbitos p\u00fablicos, privados, sociales y econ\u00f3micos.<br>Al asistir a la inauguraci\u00f3n del Encuentro de Mujeres del Sistema Estatal de Seguridad P\u00fablica y Procuraci\u00f3n de Justicia, as\u00ed como a la firma de convenio y feria tem\u00e1tica \u201cImpulso a la Independencia Financiera de las Mujeres Oaxaque\u00f1as\u201d, eventos encabezados por el Gobernador Salom\u00f3n Jara Cruz, la Presidenta Honoraria del DIF Oaxaca tambi\u00e9n hizo hincapi\u00e9 en la importancia del reconocimiento a los derechos humanos de las mujeres, as\u00ed como a la eliminaci\u00f3n de las violencias de g\u00e9nero y familiar.<br>Adem\u00e1s, del acceso a programas sociales como los que este mi\u00e9rcoles se suscribieron en materia financiera, para que puedan vivir en entornos con libertad y seguridad para ellas y sus familias.<br>\u201cLa sociedad justa e igualitaria que exigimos las mujeres, obliga a las instituciones y en el caso del DIF Oaxaca a prestar atenci\u00f3n en la vigilancia de los derechos y bienestar de las ni\u00f1as, la inclusi\u00f3n de las mujeres con discapacidad y a la promoci\u00f3n de la cultura de la paz con la difusi\u00f3n de los valores como la solidaridad y la empat\u00eda\u201d, recalc\u00f3.<br>Por lo tanto, Irma Bola\u00f1os Quijano mencion\u00f3 que desde el organismo asistencial brindan acompa\u00f1amiento a las mujeres embarazadas y en lactancia, as\u00ed como a sus hijas de seis meses a dos a\u00f1os de edad, mediante el Programa de Atenci\u00f3n Alimentaria en los Primeros1000 D\u00edas de Vida que aplica la Direcci\u00f3n de Operaci\u00f3n Alimentaria.<br>Por otra parte, dijo, la Direcci\u00f3n de Desarrollo Social y Familiar brinda atenci\u00f3n psicol\u00f3gica, capacitaci\u00f3n y talleres con enfoque de g\u00e9nero en las ocho regiones del estado. De igual, manera, ofrece a las madres solteras o con discapacidad el servicio de la estancia infantil y del programa Aprender a Ser, as\u00ed como en los Centros de Asistencia Infantil Comunitaria.<br>Mientras que la Direcci\u00f3n de Operaci\u00f3n de Bienestar pone al alcance la entrega de aparatos funcionales y acciones en materia de salud integral, en las que se ven beneficiadas las mujeres con y sin discapacidad.<br>\u201cEn el Sistema DIF Oaxaca, incorporamos la perspectiva de g\u00e9nero a nuestras acciones y programas. Somos consciente de que la transformaci\u00f3n del estado no ser\u00e1 real si no logramos la igualdad sustantiva que permita a las mujeres tener autonom\u00eda, oportunidades y una vida libre de violencia\u201d, concluy\u00f3 al destacar que juntas podemos sacar adelante al pa\u00eds y al Estado.<\/p>\n\n\n\n<figure class=\"wp-block-image size-large\"><img decoding=\"async\" src=\"https:\/\/contextoanalisisperiodistico.com\/wp-content\/uploads\/2023\/03\/img-20230308-wa0062104145507882510101-1024x683.jpg\" alt=\"\" class=\"wp-image-9939\"\/><\/figure>\n\n\n\n<figure class=\"wp-block-image\"><img decoding=\"async\" src=\"https:\/\/contextoanalisisperiodistico.com\/wp-content\/uploads\/2023\/03\/img-20230308-wa00664723849566963274736-1024x643.jpg\" alt=\"\" class=\"wp-image-9940\"\/><\/figure>\n\n\n\n<figure class=\"wp-block-image\"><img decoding=\"async\" src=\"https:\/\/contextoanalisisperiodistico.com\/wp-content\/uploads\/2023\/03\/img-20230308-wa00633678734029329186497-1024x683.jpg\" alt=\"\" class=\"wp-image-9938\"\/><\/figure>\n\n\n\n<p>-0-<\/p>\n","protected":false},"excerpt":{"rendered":"<p>\u2022 En el D\u00eda Internacional de la Mujer, la Presidenta Honoraria del DIF Oaxaca se&#8230;<\/p>\n","protected":false},"author":4,"featured_media":0,"comment_status":"open","ping_status":"open","sticky":false,"template":"","format":"standard","meta":{"footnotes":""},"categories":[9],"tags":[],"jetpack_sharing_enabled":true,"featured_image_urls":{"full":"","thumbnail":"","medium":"","medium_large":"","large":"","1536x1536":"","2048x2048":"","covernews-slider-full":"","covernews-slider-center":"","covernews-featured":"","covernews-medium":"","covernews-medium-square":""},"author_info":{"display_name":"Mario Gir\u00f3n","author_link":"https:\/\/contextoanalisisperiodistico.com\/index.php\/author\/director\/"},"category_info":"<a href=\"https:\/\/contextoanalisisperiodistico.com\/index.php\/category\/politica\/\" rel=\"category tag\">Pol\u00edtica<\/a>","tag_info":"Pol\u00edtica","comment_count":"0","jetpack_featured_media_url":"","_links":{"self":[{"href":"https:\/\/contextoanalisisperiodistico.com\/index.php\/wp-json\/wp\/v2\/posts\/9935"}],"collection":[{"href":"https:\/\/contextoanalisisperiodistico.com\/index.php\/wp-json\/wp\/v2\/posts"}],"about":[{"href":"https:\/\/contextoanalisisperiodistico.com\/index.php\/wp-json\/wp\/v2\/types\/post"}],"author":[{"embeddable":true,"href":"https:\/\/contextoanalisisperiodistico.com\/index.php\/wp-json\/wp\/v2\/users\/4"}],"replies":[{"embeddable":true,"href":"https:\/\/contextoanalisisperiodistico.com\/index.php\/wp-json\/wp\/v2\/comments?post=9935"}],"version-history":[{"count":2,"href":"https:\/\/contextoanalisisperiodistico.com\/index.php\/wp-json\/wp\/v2\/posts\/9935\/revisions"}],"predecessor-version":[{"id":9941,"href":"https:\/\/contextoanalisisperiodistico.com\/index.php\/wp-json\/wp\/v2\/posts\/9935\/revisions\/9941"}],"wp:attachment":[{"href":"https:\/\/contextoanalisisperiodistico.com\/index.php\/wp-json\/wp\/v2\/media?parent=9935"}],"wp:term":[{"taxonomy":"category","embeddable":true,"href":"https:\/\/contextoanalisisperiodistico.com\/index.php\/wp-json\/wp\/v2\/categories?post=9935"},{"taxonomy":"post_tag","embeddable":true,"href":"https:\/\/contextoanalisisperiodistico.com\/index.php\/wp-json\/wp\/v2\/tags?post=9935"}],"curies":[{"name":"wp","href":"https:\/\/api.w.org\/{rel}","templated":true}]}}