{"id":9928,"date":"2023-03-08T15:30:34","date_gmt":"2023-03-08T21:30:34","guid":{"rendered":"https:\/\/contextoanalisisperiodistico.com\/?p=9928"},"modified":"2023-03-08T15:30:41","modified_gmt":"2023-03-08T21:30:41","slug":"invertira-gobierno-de-oaxaca-mil-millones-paracentro-estatal-de-seguridad-publica-y-proteccion-ciudadana-c5","status":"publish","type":"post","link":"https:\/\/contextoanalisisperiodistico.com\/index.php\/2023\/03\/08\/invertira-gobierno-de-oaxaca-mil-millones-paracentro-estatal-de-seguridad-publica-y-proteccion-ciudadana-c5\/","title":{"rendered":"Invertir\u00e1 Gobierno de Oaxaca mil millones para<br>Centro Estatal de Seguridad P\u00fablica y Protecci\u00f3n Ciudadana \u00abC5\u00bb"},"content":{"rendered":"<div id=\"fb-root\"><\/div>\n\n<p>Invertir\u00e1 Gobierno de Oaxaca mil millones para<br \/>Centro Estatal de Seguridad P\u00fablica y Protecci\u00f3n Ciudadana \u00abC5\u00bb<\/p>\n\n\n\n<p>\u2022 Coloca la primera piedra para la construcci\u00f3n del Complejo de seguridad<br \/>\u2022 Se reforzar\u00e1n la coordinaci\u00f3n, eficiencia, inteligencia y tecnolog\u00eda para transformar un Oaxaca Seguro<\/p>\n\n\n\n<p>Oaxaca de Ju\u00e1rez, Oax. 08 de marzo de 2023.- El Gobernador del Estado Salom\u00f3n Jara Cruz, coloc\u00f3 la primera piedra del Complejo Estatal de Seguridad P\u00fablica y Protecci\u00f3n Ciudadana \u00abC5\u00bb, con el que se impulsa a Oaxaca a la vanguardia en este rubro.<\/p>\n\n\n\n<p>Al anunciar una inversi\u00f3n de mil millones de pesos para la construcci\u00f3n del complejo, el Ejecutivo estatal refrend\u00f3 el compromiso de su administraci\u00f3n estatal, para otorgar respuesta a una de las principales demandas de la poblaci\u00f3n: la seguridad para las familias oaxaque\u00f1as.<\/p>\n\n\n\n<p>Afirm\u00f3 que este proyecto es parte del compromiso del Estado para utilizar herramientas como la inteligencia y la tecnolog\u00eda al servicio de la ciudadan\u00eda, y as\u00ed fortalecer la coordinaci\u00f3n de las corporaciones de seguridad de los tres niveles de gobierno.<\/p>\n\n\n\n<p>Con el Centro de Control, Comando, Comunicaci\u00f3n, Coordinaci\u00f3n e Inteligencia, el Gobierno del Estado fortalece a las instituciones de seguridad y justicia para atender la leg\u00edtima demanda ciudadana para construir un entorno seguro y en condiciones pac\u00edficas.<\/p>\n\n\n\n<p>Actualmente se cuenta con 629 c\u00e1maras, a las que se sumar\u00e1n 700 equipos m\u00e1s para tener mil 329 c\u00e1maras de videovigilancia. Asimismo, existen 22 arcos carreteros y se colocar\u00e1n ocho para sumar 30 en total.<\/p>\n\n\n\n<p>Asimismo, se fortalecer\u00e1 la comunicaci\u00f3n entre el Centro de Mando Estrat\u00e9gico con los Centros de Comando y Control (C2) regionales. Tambi\u00e9n se incrementar\u00e1n los puntos de monitoreo en los municipios de mayor incidencia delictiva mediante los Arcos de Registro Vehicular.<\/p>\n\n\n\n<p>Otros beneficios ser\u00e1n la actualizaci\u00f3n tecnol\u00f3gica para mejorar los tiempos de respuestas y resultados en la atenci\u00f3n ciudadana, y contar con informaci\u00f3n en tiempo real de hechos delictivos conflictivos, sociales y desastres, para lograr la toma de decisiones.<\/p>\n\n\n\n<p>\u00abHoy Oaxaca da un paso importante en materia de seguridad, con las acciones dignas y un plan eficiente se est\u00e1 construyendo un Oaxaca seguro, estaremos listos para brindar certeza a la inversi\u00f3n p\u00fablica, y la ciudadan\u00eda podr\u00e1 salir de sus viviendas\u00bb, asegur\u00f3.<\/p>\n\n\n\n<p>Adem\u00e1s, se respaldan las pol\u00edticas p\u00fablicas en materia de seguridad que implementa el Gobierno de la Rep\u00fablica<\/p>\n\n\n\n<p>Esta acci\u00f3n forma parte del eje de gobierno la lograr la Reparaci\u00f3n Hist\u00f3rica que el Gobierno tiene con los pueblos y las comunidades.<\/p>\n\n\n\n<p>-0-<\/p>\n\n\n\n<figure class=\"wp-block-image size-large\"><img decoding=\"async\" src=\"https:\/\/contextoanalisisperiodistico.com\/wp-content\/uploads\/2023\/03\/img-20230308-wa00827173935848883188877-1024x682.jpg\" alt=\"\" class=\"wp-image-9932\"\/><\/figure>\n\n\n\n<figure class=\"wp-block-image\"><img decoding=\"async\" src=\"https:\/\/contextoanalisisperiodistico.com\/wp-content\/uploads\/2023\/03\/img-20230308-wa00819211764619728107244-1024x682.jpg\" alt=\"\" class=\"wp-image-9933\"\/><\/figure>\n\n\n\n<figure class=\"wp-block-image\"><img decoding=\"async\" src=\"https:\/\/contextoanalisisperiodistico.com\/wp-content\/uploads\/2023\/03\/img-20230308-wa00794968199166755525744-1024x682.jpg\" alt=\"\" class=\"wp-image-9931\"\/><\/figure>\n","protected":false},"excerpt":{"rendered":"<p>Invertir\u00e1 Gobierno de Oaxaca mil millones paraCentro Estatal de Seguridad P\u00fablica y Protecci\u00f3n Ciudadana \u00abC5\u00bb&#8230;<\/p>\n","protected":false},"author":4,"featured_media":0,"comment_status":"open","ping_status":"open","sticky":false,"template":"","format":"standard","meta":{"footnotes":""},"categories":[9],"tags":[],"jetpack_sharing_enabled":true,"featured_image_urls":{"full":"","thumbnail":"","medium":"","medium_large":"","large":"","1536x1536":"","2048x2048":"","covernews-slider-full":"","covernews-slider-center":"","covernews-featured":"","covernews-medium":"","covernews-medium-square":""},"author_info":{"display_name":"Mario Gir\u00f3n","author_link":"https:\/\/contextoanalisisperiodistico.com\/index.php\/author\/director\/"},"category_info":"<a href=\"https:\/\/contextoanalisisperiodistico.com\/index.php\/category\/politica\/\" rel=\"category tag\">Pol\u00edtica<\/a>","tag_info":"Pol\u00edtica","comment_count":"0","jetpack_featured_media_url":"","_links":{"self":[{"href":"https:\/\/contextoanalisisperiodistico.com\/index.php\/wp-json\/wp\/v2\/posts\/9928"}],"collection":[{"href":"https:\/\/contextoanalisisperiodistico.com\/index.php\/wp-json\/wp\/v2\/posts"}],"about":[{"href":"https:\/\/contextoanalisisperiodistico.com\/index.php\/wp-json\/wp\/v2\/types\/post"}],"author":[{"embeddable":true,"href":"https:\/\/contextoanalisisperiodistico.com\/index.php\/wp-json\/wp\/v2\/users\/4"}],"replies":[{"embeddable":true,"href":"https:\/\/contextoanalisisperiodistico.com\/index.php\/wp-json\/wp\/v2\/comments?post=9928"}],"version-history":[{"count":2,"href":"https:\/\/contextoanalisisperiodistico.com\/index.php\/wp-json\/wp\/v2\/posts\/9928\/revisions"}],"predecessor-version":[{"id":9934,"href":"https:\/\/contextoanalisisperiodistico.com\/index.php\/wp-json\/wp\/v2\/posts\/9928\/revisions\/9934"}],"wp:attachment":[{"href":"https:\/\/contextoanalisisperiodistico.com\/index.php\/wp-json\/wp\/v2\/media?parent=9928"}],"wp:term":[{"taxonomy":"category","embeddable":true,"href":"https:\/\/contextoanalisisperiodistico.com\/index.php\/wp-json\/wp\/v2\/categories?post=9928"},{"taxonomy":"post_tag","embeddable":true,"href":"https:\/\/contextoanalisisperiodistico.com\/index.php\/wp-json\/wp\/v2\/tags?post=9928"}],"curies":[{"name":"wp","href":"https:\/\/api.w.org\/{rel}","templated":true}]}}