{"id":9908,"date":"2023-03-07T20:05:43","date_gmt":"2023-03-08T02:05:43","guid":{"rendered":"https:\/\/contextoanalisisperiodistico.com\/?p=9908"},"modified":"2023-03-07T20:06:14","modified_gmt":"2023-03-08T02:06:14","slug":"nada-que-celebrar-a-100-dias-de-la-llegada-de-la-actual-administracion-mas-pobreza-inseguridad-feminicidios-perla-woolrich","status":"publish","type":"post","link":"https:\/\/contextoanalisisperiodistico.com\/index.php\/2023\/03\/07\/nada-que-celebrar-a-100-dias-de-la-llegada-de-la-actual-administracion-mas-pobreza-inseguridad-feminicidios-perla-woolrich\/","title":{"rendered":"Nada que celebrar a 100 d\u00edas de la llegada de la actual administraci\u00f3n, m\u00e1s pobreza, inseguridad, feminicidios: Perla Woolrich"},"content":{"rendered":"<div id=\"fb-root\"><\/div>\n\n<p>Comunicado:<\/p>\n\n\n\n<p>A cien d\u00edas de la administraci\u00f3n morenista en Oaxaca, no hay nada que celebrar, ni hay obra, ni seguridad, ni hay gobierno, sostuvo la presidenta del Comit\u00e9 Directivo Estatal de Acci\u00f3n Nacional, Perla Woolrich Fern\u00e1ndez.<\/p>\n\n\n\n<p>En su tradicional conferencia \u201cLa hora del pan y el caf\u00e9, con Perla Woolrich\u201d, la dirigente consider\u00f3 que, desde la llegada del actual gobernador morenista, se han vivido 3 meses de absoluta ingobernabilidad, \u201cbasta con observar las marchas, m\u00edtines, plantones y bloqueos que se presentan diario, y a los que incluso han intentado resolver con medidas de represi\u00f3n a trav\u00e9s de la fuerza p\u00fablica\u201d.<\/p>\n\n\n\n<p>En ese sentido, se\u00f1al\u00f3 que algo que est\u00e1 marcando esta administraci\u00f3n, es la \u201cley del garrote\u201d, como una copia fiel del gobierno autoritario que preside Manuel Andr\u00e9s L\u00f3pez Obrador, y que lamentablemente se est\u00e1 ya practicando en Oaxaca.<\/p>\n\n\n\n<p>\u201cEste gobierno destaca por su falta de atenci\u00f3n a la soluci\u00f3n de los verdaderos problemas que aquejan a Oaxaca, hay m\u00e1s pobreza, m\u00e1s inseguridad, m\u00e1s feminicidios, en un 8 de marzo violento\u201d.<\/p>\n\n\n\n<p>Ante el anuncio de un Plan de Austeridad, se\u00f1al\u00f3 que pedir\u00e1 a la fracci\u00f3n parlamentaria del PAN que se mantenga atenta para saber el destino de esos millonarios recursos, \u201cpara que no vayan a parar a las campa\u00f1as, veo que se podr\u00edan esquilmar los recursos p\u00fablicos\u201d.<\/p>\n\n\n\n<p>Por otro lado, hizo un recuento de las comunidades que ha visitado en tres meses como dirigente del partido albiazul, como son: Juchit\u00e1n; Mat\u00edas Romero; Ciudad Ixtepec; Xadani; Barrio de la Soledad; Tuxtepec; Loma Bonita; Valle Nacional; San Lucas Ojitl\u00e1n; Huajuapan de Le\u00f3n; San Miguel Amatitl\u00e1n; Santiago Ayuquililla; Asunci\u00f3n Cuyotepeji; Miahuatl\u00e1n; Zimatl\u00e1n; Mitla; San Baltazar Guelavila; San Agust\u00ed Yatareni y San Pablo G\u00fcila donde ha podido estar cerca de la militancia y simpatizantes.<\/p>\n","protected":false},"excerpt":{"rendered":"<p>Comunicado: A cien d\u00edas de la administraci\u00f3n morenista en Oaxaca, no hay nada que celebrar,&#8230;<\/p>\n","protected":false},"author":4,"featured_media":0,"comment_status":"open","ping_status":"open","sticky":false,"template":"","format":"standard","meta":{"footnotes":""},"categories":[9],"tags":[],"jetpack_sharing_enabled":true,"featured_image_urls":{"full":"","thumbnail":"","medium":"","medium_large":"","large":"","1536x1536":"","2048x2048":"","covernews-slider-full":"","covernews-slider-center":"","covernews-featured":"","covernews-medium":"","covernews-medium-square":""},"author_info":{"display_name":"Mario Gir\u00f3n","author_link":"https:\/\/contextoanalisisperiodistico.com\/index.php\/author\/director\/"},"category_info":"<a href=\"https:\/\/contextoanalisisperiodistico.com\/index.php\/category\/politica\/\" rel=\"category tag\">Pol\u00edtica<\/a>","tag_info":"Pol\u00edtica","comment_count":"0","jetpack_featured_media_url":"","_links":{"self":[{"href":"https:\/\/contextoanalisisperiodistico.com\/index.php\/wp-json\/wp\/v2\/posts\/9908"}],"collection":[{"href":"https:\/\/contextoanalisisperiodistico.com\/index.php\/wp-json\/wp\/v2\/posts"}],"about":[{"href":"https:\/\/contextoanalisisperiodistico.com\/index.php\/wp-json\/wp\/v2\/types\/post"}],"author":[{"embeddable":true,"href":"https:\/\/contextoanalisisperiodistico.com\/index.php\/wp-json\/wp\/v2\/users\/4"}],"replies":[{"embeddable":true,"href":"https:\/\/contextoanalisisperiodistico.com\/index.php\/wp-json\/wp\/v2\/comments?post=9908"}],"version-history":[{"count":1,"href":"https:\/\/contextoanalisisperiodistico.com\/index.php\/wp-json\/wp\/v2\/posts\/9908\/revisions"}],"predecessor-version":[{"id":9910,"href":"https:\/\/contextoanalisisperiodistico.com\/index.php\/wp-json\/wp\/v2\/posts\/9908\/revisions\/9910"}],"wp:attachment":[{"href":"https:\/\/contextoanalisisperiodistico.com\/index.php\/wp-json\/wp\/v2\/media?parent=9908"}],"wp:term":[{"taxonomy":"category","embeddable":true,"href":"https:\/\/contextoanalisisperiodistico.com\/index.php\/wp-json\/wp\/v2\/categories?post=9908"},{"taxonomy":"post_tag","embeddable":true,"href":"https:\/\/contextoanalisisperiodistico.com\/index.php\/wp-json\/wp\/v2\/tags?post=9908"}],"curies":[{"name":"wp","href":"https:\/\/api.w.org\/{rel}","templated":true}]}}