{"id":988,"date":"2022-02-16T19:33:06","date_gmt":"2022-02-17T01:33:06","guid":{"rendered":"http:\/\/contextoanalisisperiodistico.com.mx\/2022\/02\/16\/realiza-ieepcocapacitacion-enconsejos-distritales\/"},"modified":"2022-02-16T19:33:06","modified_gmt":"2022-02-17T01:33:06","slug":"realiza-ieepcocapacitacion-enconsejos-distritales","status":"publish","type":"post","link":"https:\/\/contextoanalisisperiodistico.com\/index.php\/2022\/02\/16\/realiza-ieepcocapacitacion-enconsejos-distritales\/","title":{"rendered":"Realiza IEEPCO capacitaci\u00f3n en Consejos Distritales"},"content":{"rendered":"<div id=\"fb-root\"><\/div>\n\n<p>(*)Rumbo a las Elecciones Extraordinarias del 27 de marzo<\/p>\n\n\n\n<p>Como parte de las acciones previas a la jornada electoral del pr\u00f3ximo 27 de marzo, personal del Instituto Estatal Electoral y de Participaci\u00f3n Ciudadana de Oaxaca (IEEPCO) capacita a quienes integran los Consejos Distritales de Santo Domingo Tehuantepec y Salina Cruz.&nbsp;<br \/>Lo anterior con la intenci\u00f3n de que conozcan todo lo relacionado a sus atribuciones y ejercicio de actividades diarias, adem\u00e1s que cuenten con las herramientas y conocimientos necesarios para el desarrollo de las mismas durante las elecciones extraordinarias que se celebrar\u00e1n en los municipios de Santa Mar\u00eda Mixtequilla, Santiago Laollaga y Santa Mar\u00eda Xadani.<br \/>El proceso formativo estuvo encabezado por la consejera presidenta del IEEPCO, Elizabeth S\u00e1nchez Gonz\u00e1lez, la encargada de despacho de la Secretar\u00eda Ejecutiva, Monivet Shaley L\u00f3pez Garc\u00eda y la consejera electoral, Jessica Jazibe Hern\u00e1ndez Garc\u00eda; as\u00ed como el encargado de despacho de la vocal\u00eda ejecutiva de la junta 05 del Instituto Nacional Electoral (INE) en Tehuantepec, Jos\u00e9 Aguilar Garc\u00eda.<br \/>As\u00ed mismo, hizo presencia la encargada de despacho de la Direcci\u00f3n Ejecutiva de Educaci\u00f3n C\u00edvica y Participaci\u00f3n Ciudadana Luisa Rebeca Garza L\u00f3pez y el encargado de despacho de la Direcci\u00f3n Ejecutiva de Organizaci\u00f3n y Capacitaci\u00f3n Electoral, Jos\u00e9 Francisco Rocha Anguiano.&nbsp;<br \/>Durante varias horas, quienes integran los Consejos Distritales 18 y 19 recibieron informaci\u00f3n te\u00f3rica y pr\u00e1ctica necesaria para el desarrollo de sus funciones previas y durante la sesi\u00f3n especial de c\u00f3mputo, a fin de minimizar el grado de error, dar certeza a los procedimientos y cumplir cabalmente con las funciones para lo cual fueron designados.&nbsp;<br \/>Debido a su probada experiencia, Leobardo Manuel M\u00e9ndez Santiago, Argel R\u00edos, Margarita Zenaida Moctezuma Garc\u00eda, Alberto Edgar Jim\u00e9nez, Rodrigo Ernesto Calzada P\u00e9rez y V\u00edctor Hugo Mej\u00eda Sol\u00eds, fueron la personas encargadas de realizar las capacitaciones.&nbsp;<br \/>Dentro de los temas que abordaron fueron: generalidades de la Jornada Electoral, procedimientos, protocolo de transmisi\u00f3n de datos, atenci\u00f3n de incidencias, asesor\u00eda t\u00e9cnica jur\u00eddica; instalaci\u00f3n de casilla: situaciones que pueden presentarse, lugares de instalaci\u00f3n, votaci\u00f3n, cierre, escrutinio y c\u00f3mputo, publicaci\u00f3n de resultados y clausura de casilla, entre otros temas de relevancia.<br \/>Cabe se\u00f1alar que la consejera electoral, Jessica Jazibe Hern\u00e1ndez Garc\u00eda, imparti\u00f3 el tema \u201cRecomendaciones para la apertura y cierre de bodega, as\u00ed como, c\u00f3mputos distritales\u201d.<\/p>\n\n\n\n<figure class=\"wp-block-image size-large\"><img decoding=\"async\" src=\"https:\/\/contextoinformacionyanalisisperiodistico.files.wordpress.com\/2022\/02\/img-20220216-wa0091471192627.jpg?w=1024\" alt=\"\" class=\"wp-image-985\" \/><\/figure>\n\n\n\n<figure class=\"wp-block-image\"><img decoding=\"async\" src=\"https:\/\/contextoinformacionyanalisisperiodistico.files.wordpress.com\/2022\/02\/img-20220216-wa00921559866815.jpg\" alt=\"\" class=\"wp-image-984\" \/><\/figure>\n\n\n\n<figure class=\"wp-block-image\"><img decoding=\"async\" src=\"https:\/\/contextoinformacionyanalisisperiodistico.files.wordpress.com\/2022\/02\/img-20220216-wa0089652442243.jpg\" alt=\"\" class=\"wp-image-986\" \/><\/figure>\n\n\n\n<figure class=\"wp-block-image\"><img decoding=\"async\" src=\"https:\/\/contextoinformacionyanalisisperiodistico.files.wordpress.com\/2022\/02\/img-20220216-wa0090111622015.jpg\" alt=\"\" class=\"wp-image-987\" \/><\/figure>\n","protected":false},"excerpt":{"rendered":"<p>(*)Rumbo a las Elecciones Extraordinarias del 27 de marzo Como parte de las acciones previas&#8230;<\/p>\n","protected":false},"author":2,"featured_media":983,"comment_status":"open","ping_status":"open","sticky":false,"template":"","format":"standard","meta":{"footnotes":""},"categories":[3,9],"tags":[],"jetpack_sharing_enabled":true,"featured_image_urls":{"full":"","thumbnail":"","medium":"","medium_large":"","large":"","1536x1536":"","2048x2048":"","covernews-slider-full":"","covernews-slider-center":"","covernews-featured":"","covernews-medium":"","covernews-medium-square":""},"author_info":{"display_name":"Miguel","author_link":"https:\/\/contextoanalisisperiodistico.com\/index.php\/author\/editor\/"},"category_info":"<a href=\"https:\/\/contextoanalisisperiodistico.com\/index.php\/category\/ciudad\/\" rel=\"category tag\">Ciudad<\/a> <a href=\"https:\/\/contextoanalisisperiodistico.com\/index.php\/category\/politica\/\" rel=\"category tag\">Pol\u00edtica<\/a>","tag_info":"Pol\u00edtica","comment_count":"0","jetpack_featured_media_url":"","_links":{"self":[{"href":"https:\/\/contextoanalisisperiodistico.com\/index.php\/wp-json\/wp\/v2\/posts\/988"}],"collection":[{"href":"https:\/\/contextoanalisisperiodistico.com\/index.php\/wp-json\/wp\/v2\/posts"}],"about":[{"href":"https:\/\/contextoanalisisperiodistico.com\/index.php\/wp-json\/wp\/v2\/types\/post"}],"author":[{"embeddable":true,"href":"https:\/\/contextoanalisisperiodistico.com\/index.php\/wp-json\/wp\/v2\/users\/2"}],"replies":[{"embeddable":true,"href":"https:\/\/contextoanalisisperiodistico.com\/index.php\/wp-json\/wp\/v2\/comments?post=988"}],"version-history":[{"count":0,"href":"https:\/\/contextoanalisisperiodistico.com\/index.php\/wp-json\/wp\/v2\/posts\/988\/revisions"}],"wp:featuredmedia":[{"embeddable":true,"href":"https:\/\/contextoanalisisperiodistico.com\/index.php\/wp-json\/"}],"wp:attachment":[{"href":"https:\/\/contextoanalisisperiodistico.com\/index.php\/wp-json\/wp\/v2\/media?parent=988"}],"wp:term":[{"taxonomy":"category","embeddable":true,"href":"https:\/\/contextoanalisisperiodistico.com\/index.php\/wp-json\/wp\/v2\/categories?post=988"},{"taxonomy":"post_tag","embeddable":true,"href":"https:\/\/contextoanalisisperiodistico.com\/index.php\/wp-json\/wp\/v2\/tags?post=988"}],"curies":[{"name":"wp","href":"https:\/\/api.w.org\/{rel}","templated":true}]}}