{"id":9788,"date":"2023-03-06T22:02:23","date_gmt":"2023-03-07T04:02:23","guid":{"rendered":"https:\/\/contextoanalisisperiodistico.com\/?p=9788"},"modified":"2023-03-06T22:03:22","modified_gmt":"2023-03-07T04:03:22","slug":"acabaremos-con-la-burocracia-solo-asi-ofreceremos-mejor-servicio-a-oaxaquenos-nino-morales-toledo","status":"publish","type":"post","link":"https:\/\/contextoanalisisperiodistico.com\/index.php\/2023\/03\/06\/acabaremos-con-la-burocracia-solo-asi-ofreceremos-mejor-servicio-a-oaxaquenos-nino-morales-toledo\/","title":{"rendered":"\u00abAcabaremos con la burocracia; solo as\u00ed ofreceremos mejor servicio a oaxaque\u00f1os\u00bb: Nino Morales Toledo"},"content":{"rendered":"<div id=\"fb-root\"><\/div>\n\n<p>(*) Estamos haciendo un trabajo de reingenier\u00eda en la Secretar\u00eda de Administraci\u00f3n, inform\u00f3 el funcionario al participar en la conferenci de este lunes del gobernador Salom\u00f3n Jara Cruz <\/p>\n\n\n\n<p><div class=\"jetpack-video-wrapper\"><iframe title=\"Acabaremos con la burocracia; solo as\u00ed ofreceremos mejor servicio a oaxaque\u00f1os: Nino Morales Toledo\" width=\"640\" height=\"480\" src=\"https:\/\/www.youtube.com\/embed\/Q7Yo517Q5R8?feature=oembed\" frameborder=\"0\" allow=\"accelerometer; autoplay; clipboard-write; encrypted-media; gyroscope; picture-in-picture; web-share\" allowfullscreen><\/iframe><\/div><\/p>\n","protected":false},"excerpt":{"rendered":"<p>(*) Estamos haciendo un trabajo de reingenier\u00eda en la Secretar\u00eda de Administraci\u00f3n, inform\u00f3 el funcionario&#8230;<\/p>\n","protected":false},"author":4,"featured_media":0,"comment_status":"open","ping_status":"open","sticky":false,"template":"","format":"standard","meta":{"footnotes":""},"categories":[9],"tags":[],"jetpack_sharing_enabled":true,"featured_image_urls":{"full":"","thumbnail":"","medium":"","medium_large":"","large":"","1536x1536":"","2048x2048":"","covernews-slider-full":"","covernews-slider-center":"","covernews-featured":"","covernews-medium":"","covernews-medium-square":""},"author_info":{"display_name":"Mario Gir\u00f3n","author_link":"https:\/\/contextoanalisisperiodistico.com\/index.php\/author\/director\/"},"category_info":"<a href=\"https:\/\/contextoanalisisperiodistico.com\/index.php\/category\/politica\/\" rel=\"category tag\">Pol\u00edtica<\/a>","tag_info":"Pol\u00edtica","comment_count":"0","jetpack_featured_media_url":"","_links":{"self":[{"href":"https:\/\/contextoanalisisperiodistico.com\/index.php\/wp-json\/wp\/v2\/posts\/9788"}],"collection":[{"href":"https:\/\/contextoanalisisperiodistico.com\/index.php\/wp-json\/wp\/v2\/posts"}],"about":[{"href":"https:\/\/contextoanalisisperiodistico.com\/index.php\/wp-json\/wp\/v2\/types\/post"}],"author":[{"embeddable":true,"href":"https:\/\/contextoanalisisperiodistico.com\/index.php\/wp-json\/wp\/v2\/users\/4"}],"replies":[{"embeddable":true,"href":"https:\/\/contextoanalisisperiodistico.com\/index.php\/wp-json\/wp\/v2\/comments?post=9788"}],"version-history":[{"count":2,"href":"https:\/\/contextoanalisisperiodistico.com\/index.php\/wp-json\/wp\/v2\/posts\/9788\/revisions"}],"predecessor-version":[{"id":9791,"href":"https:\/\/contextoanalisisperiodistico.com\/index.php\/wp-json\/wp\/v2\/posts\/9788\/revisions\/9791"}],"wp:attachment":[{"href":"https:\/\/contextoanalisisperiodistico.com\/index.php\/wp-json\/wp\/v2\/media?parent=9788"}],"wp:term":[{"taxonomy":"category","embeddable":true,"href":"https:\/\/contextoanalisisperiodistico.com\/index.php\/wp-json\/wp\/v2\/categories?post=9788"},{"taxonomy":"post_tag","embeddable":true,"href":"https:\/\/contextoanalisisperiodistico.com\/index.php\/wp-json\/wp\/v2\/tags?post=9788"}],"curies":[{"name":"wp","href":"https:\/\/api.w.org\/{rel}","templated":true}]}}