{"id":9769,"date":"2023-03-06T19:30:40","date_gmt":"2023-03-07T01:30:40","guid":{"rendered":"https:\/\/contextoanalisisperiodistico.com\/?p=9769"},"modified":"2023-03-06T19:32:01","modified_gmt":"2023-03-07T01:32:01","slug":"refrenda-emilio-montero-respaldo-a-salomon-jara-en-vispera-de-primeros-100-dias-de-gobierno","status":"publish","type":"post","link":"https:\/\/contextoanalisisperiodistico.com\/index.php\/2023\/03\/06\/refrenda-emilio-montero-respaldo-a-salomon-jara-en-vispera-de-primeros-100-dias-de-gobierno\/","title":{"rendered":"Refrenda Emilio Montero respaldo a Salom\u00f3n Jara en v\u00edspera de primeros 100 d\u00edas de Gobierno"},"content":{"rendered":"<div id=\"fb-root\"><\/div>\n\n<p>Se re\u00fane el pol\u00edtico con sectores de la sociedad juchiteca con motivo del informe de avances y logros del gobierno estatal.<\/p>\n\n\n\n<p>Comuncado.Juchit\u00e1n, Oax.-El consejero consultivo estatal de Morena, Emilio Montero, refrend\u00f3 su respaldo al gobierno de la Primavera Oaxaque\u00f1a, ante la cercan\u00eda de los primeros 100 d\u00edas de gobierno de Salom\u00f3n Jara, en reuniones informativas sostenidas este domingo con grupos de pescadores y habitantes de las colonias Mariano Montero, Diidxaz\u00e1 y Zapoteca.<\/p>\n\n\n\n<figure class=\"wp-block-image size-large\"><img decoding=\"async\" src=\"https:\/\/contextoanalisisperiodistico.com\/wp-content\/uploads\/2023\/03\/screenshot_20230306-192138_samsunginternet3552852468840955792..jpg\" alt=\"\" class=\"wp-image-9773\"\/><\/figure>\n\n\n\n<figure class=\"wp-block-image\"><img decoding=\"async\" src=\"https:\/\/contextoanalisisperiodistico.com\/wp-content\/uploads\/2023\/03\/screenshot_20230306-192153_samsunginternet625671169023051075.-300x195.jpg\" alt=\"\" class=\"wp-image-9772\"\/><\/figure>\n\n\n\n<p>Temprano, y rodeado de pescadores de las cooperativas \u201cAtarrayeros de la Laguna Santa Cruz\u201d y \u201cGuuze\u2019 Stinu\u201d, en la S\u00e9ptima Secci\u00f3n, sostuvo que el balance del inicio de la Primavera Oaxaque\u00f1a es positivo, pues se est\u00e1n realizando importantes acciones para resarcir la deuda hist\u00f3rica con las comunidades oaxaque\u00f1as.<br \/>Agreg\u00f3 que Jara Cruz est\u00e1 pendiente de las necesidades de los diferentes sectores de la poblaci\u00f3n, entre ellos el pesquero, y que impulsar\u00e1 importantes apoyos para el sector.<\/p>\n\n\n\n<p>Montero sostuvo que no olvida sus compromisos, sobre todo ahora que sirve a la ciudadan\u00eda desde el gobierno estatal, se\u00f1al\u00f3 que -por el contrario- est\u00e1 ante la oportunidad hist\u00f3rica de hacer un gran trabajo a favor de las justas demandas del pueblo, por la cercan\u00eda que tiene con el gobernador y los funcionarios estatales, y que no la va a desaprovechar.<\/p>\n\n\n\n<p>Posteriormente, el tambi\u00e9n director general del IEEPO particip\u00f3 en una entrevista radiof\u00f3nica, donde afirm\u00f3 que lleg\u00f3 al gobierno estatal para formar parte de la nueva pol\u00edtica sin privilegios y de verdadero servicio al pueblo, que impulsa el mandatario oaxaque\u00f1o.<\/p>\n\n\n\n<p>M\u00e1s tarde, en la colonia Mariano Montero, y acompa\u00f1ado por el presidente municipal, Miguel S\u00e1nchez Altamirano, Emilio Montero explic\u00f3 que por consenso con sus simpatizantes decidi\u00f3 integrarse al gobierno estatal, pero se mantiene cerca de las aspiraciones de las y los juchitecos.<\/p>\n\n\n\n<p>Seguidamente, en la colonia Diidxaz\u00e1, en reuni\u00f3n informativa con integrantes de la organizaci\u00f3n Expresi\u00f3n Democr\u00e1tica Independiente, que dirige Delfino Morales, Emilio habl\u00f3 de una \u201cnueva etapa de relaci\u00f3n pol\u00edtica con el gobierno del estado, donde ha tenido ocasi\u00f3n de recordarle a Salom\u00f3n Jara que existen compromisos con Juchit\u00e1n y que es importante cumplirle a un pueblo que siempre ha acompa\u00f1ado el Ejecutivo estatal.<\/p>\n\n\n\n<p>Finalmente, reunido con pobladores de la colonia Zapoteca, al poniente de la ciudad, Montero rubric\u00f3: As\u00ed como ustedes conf\u00edan en sus liderazgos y estos conf\u00edan en m\u00ed, lo cual me compromete, yo tambi\u00e9n tengo la certeza de que nuestro gobernador sabr\u00e1 responder con hechos a la confianza de todas y todos los oaxaque\u00f1os.<br \/>[6\/3 19:13] Mario Gir\u00f3n: Salom\u00f3n Jara va de la mano con la gente, dijo, y la respuesta de las y los asistentes fue un largo y sonoro aplauso.<\/p>\n\n\n\n<p><\/p>\n","protected":false},"excerpt":{"rendered":"<p>Se re\u00fane el pol\u00edtico con sectores de la sociedad juchiteca con motivo del informe de&#8230;<\/p>\n","protected":false},"author":4,"featured_media":0,"comment_status":"open","ping_status":"open","sticky":false,"template":"","format":"standard","meta":{"footnotes":""},"categories":[9],"tags":[],"jetpack_sharing_enabled":true,"featured_image_urls":{"full":"","thumbnail":"","medium":"","medium_large":"","large":"","1536x1536":"","2048x2048":"","covernews-slider-full":"","covernews-slider-center":"","covernews-featured":"","covernews-medium":"","covernews-medium-square":""},"author_info":{"display_name":"Mario Gir\u00f3n","author_link":"https:\/\/contextoanalisisperiodistico.com\/index.php\/author\/director\/"},"category_info":"<a href=\"https:\/\/contextoanalisisperiodistico.com\/index.php\/category\/politica\/\" rel=\"category tag\">Pol\u00edtica<\/a>","tag_info":"Pol\u00edtica","comment_count":"0","jetpack_featured_media_url":"","_links":{"self":[{"href":"https:\/\/contextoanalisisperiodistico.com\/index.php\/wp-json\/wp\/v2\/posts\/9769"}],"collection":[{"href":"https:\/\/contextoanalisisperiodistico.com\/index.php\/wp-json\/wp\/v2\/posts"}],"about":[{"href":"https:\/\/contextoanalisisperiodistico.com\/index.php\/wp-json\/wp\/v2\/types\/post"}],"author":[{"embeddable":true,"href":"https:\/\/contextoanalisisperiodistico.com\/index.php\/wp-json\/wp\/v2\/users\/4"}],"replies":[{"embeddable":true,"href":"https:\/\/contextoanalisisperiodistico.com\/index.php\/wp-json\/wp\/v2\/comments?post=9769"}],"version-history":[{"count":3,"href":"https:\/\/contextoanalisisperiodistico.com\/index.php\/wp-json\/wp\/v2\/posts\/9769\/revisions"}],"predecessor-version":[{"id":9775,"href":"https:\/\/contextoanalisisperiodistico.com\/index.php\/wp-json\/wp\/v2\/posts\/9769\/revisions\/9775"}],"wp:attachment":[{"href":"https:\/\/contextoanalisisperiodistico.com\/index.php\/wp-json\/wp\/v2\/media?parent=9769"}],"wp:term":[{"taxonomy":"category","embeddable":true,"href":"https:\/\/contextoanalisisperiodistico.com\/index.php\/wp-json\/wp\/v2\/categories?post=9769"},{"taxonomy":"post_tag","embeddable":true,"href":"https:\/\/contextoanalisisperiodistico.com\/index.php\/wp-json\/wp\/v2\/tags?post=9769"}],"curies":[{"name":"wp","href":"https:\/\/api.w.org\/{rel}","templated":true}]}}