{"id":9760,"date":"2023-03-06T18:58:12","date_gmt":"2023-03-07T00:58:12","guid":{"rendered":"https:\/\/contextoanalisisperiodistico.com\/?p=9760"},"modified":"2023-03-06T18:58:24","modified_gmt":"2023-03-07T00:58:24","slug":"inauguracion-de-la-casa-de-la-mujer-suchilteca-el-inicio-de-cosas-grandes-por-llegar-amanda-ruiz-legaspi","status":"publish","type":"post","link":"https:\/\/contextoanalisisperiodistico.com\/index.php\/2023\/03\/06\/inauguracion-de-la-casa-de-la-mujer-suchilteca-el-inicio-de-cosas-grandes-por-llegar-amanda-ruiz-legaspi\/","title":{"rendered":"\u201cInauguraci\u00f3n de la Casa de la Mujer Suchilteca, el inicio de cosas grandes por llegar\u201d: Amanda Ruiz Legaspi"},"content":{"rendered":"<div id=\"fb-root\"><\/div>\n\n<p><br><em>\u25cfSe trata del primer espacio en su tipo y g\u00e9nero en el valle de Etla y de otras latitudes del estado de Oaxaca <\/em>\u25cfA pescar estamos ense\u00f1ando <\/p>\n\n\n\n<figure class=\"wp-block-image size-large\"><img decoding=\"async\" src=\"https:\/\/contextoanalisisperiodistico.com\/wp-content\/uploads\/2023\/03\/screenshot_20230304-135119_facebook6511764649149801842.jpg\" alt=\"\" class=\"wp-image-9763\"\/><\/figure>\n\n\n\n<figure class=\"wp-block-image\"><img decoding=\"async\" src=\"https:\/\/contextoanalisisperiodistico.com\/wp-content\/uploads\/2023\/03\/20230304_132319450035729691389183-768x1024.jpg\" alt=\"\" class=\"wp-image-9766\"\/><\/figure>\n\n\n\n<figure class=\"wp-block-image\"><img decoding=\"async\" src=\"https:\/\/contextoanalisisperiodistico.com\/wp-content\/uploads\/2023\/03\/20230304_1323391097538035566844020-768x1024.jpg\" alt=\"\" class=\"wp-image-9767\"\/><\/figure>\n\n\n\n<figure class=\"wp-block-image\"><img decoding=\"async\" src=\"https:\/\/contextoanalisisperiodistico.com\/wp-content\/uploads\/2023\/03\/20230304_1134153068687590667906415-768x1024.jpg\" alt=\"\" class=\"wp-image-9765\"\/><\/figure>\n\n\n\n<figure class=\"wp-block-image\"><img decoding=\"async\" src=\"https:\/\/contextoanalisisperiodistico.com\/wp-content\/uploads\/2023\/03\/20230304_1133212282700566157634200-1024x768.jpg\" alt=\"\" class=\"wp-image-9764\"\/><\/figure>\n\n\n\n<p><br>Mario GIR\u00d3N<\/p>\n\n\n\n<p><br>Santiago Suchilquitongo, Etla. \u2013 \u201cLa inauguraci\u00f3n de la Casa de la Mujer Suchilteca fue el inicio de las cosas grandes que est\u00e1n por llegar a nuestro pueblo\u201d, solt\u00f3 con humildad y con tono de seguridad, Amanda Ruiz Legaspi, liderazgo regional de la Asociaci\u00f3n para el Fomento y Desarrollo de los Pueblos de Oaxaca (AFODEPO).<\/p>\n\n\n\n<p><br>\u201cSe trata de una obra para las mujeres materializada en la realidad. Aqu\u00ed, adem\u00e1s de capacitaci\u00f3n, las participantes, m\u00e1s de 30, recibir\u00e1n la oportunidad de poner en marcha lo aprendido en aras de asegurar un ingreso extra y honesto para el gasto familiar diario\u201d, agreg\u00f3.<\/p>\n\n\n\n<p><br>Sucedi\u00f3 el pasado s\u00e1bado, en los primeros minutos de una nueva tarde en un poblado con cielo iluminado de azul intenso y blancas nubes, dibujando figuras caprichosas.<\/p>\n\n\n\n<p><br>Fecha importante para las mujeres. Ahora cuentan con un espacio propio y destinado para seguir aprendiendo.<\/p>\n\n\n\n<p><br>Motivada por alcanzar un objetivo m\u00e1s de ayuda a la gente de su pueblo, al que ama, respeta y ayuda, Ruiz Legaspi se refiere a la responsabilidad en materia de g\u00e9nero:<\/p>\n\n\n\n<p><br>\u201cPara eso estamos las mujeres; para echarnos la mano. Las convoco a convertirnos en amigas y aliadas del trabajo\u201d, expres\u00f3 Ruiz Legaspi.<br>Ofreci\u00f3: \u201cdonde ustedes gusten siempre voy a estar\u201d.<\/p>\n\n\n\n<p><br>\u201cLas mujeres no estamos solas; a veces no sentimos as\u00ed, pero la realidad es otra. Estamos nosotras para ayudar, comunicarnos y tendernos la mano como lo que somos. Nos necesitamos; solas no podemos, en equipo seremos la fuerza que nos impulse a llegar hasta donde queramos\u201d.<\/p>\n\n\n\n<p><br>Despu\u00e9s de cortar el list\u00f3n inaugural de la Casa de la Mujer Suchilteca, en el marco de la finalizaci\u00f3n del curso de alta manualidad, con material reciclado, las alumnas participantes, con una porra al pueblo, con una porra a su querido Suchilquitongo, sellaron el pacto de unidad, amistad y trabajo, pero, al mismo tiempo, anunciaban el primer paso dado con la finalidad de preparar el terreno para las grandes cosas que est\u00e1n por llegar.<\/p>\n\n\n\n<p><br>Ense\u00f1ando a pescar<\/p>\n\n\n\n<p><br>En un ejemplo de rectitud, Ruiz Legaspi reconoci\u00f3 que la idea de la capacitaci\u00f3n naci\u00f3 de la ciudadana Kari, luchona, trabajadora y concentrada en organizar a las mujeres para que les vaya bien a trav\u00e9s del trabajo.<\/p>\n\n\n\n<p><br>Antes del \u00e9xito de hoy, toc\u00f3 muchas puertas que no se abrieron. Las de AFODEPO se abrieron de par en par y ya existen resultados en poco tiempo, reconocieron.<\/p>\n\n\n\n<p><br>\u201cEl curso y la inauguraci\u00f3n de la casa es ejemplo de lo que podemos alcanzar cuando las mujeres nos echamos la mano\u201d, subray\u00f3 Ruiz Legaspi.<br>\u201cLas personas que se acercan a m\u00ed y plantean proyectos o buenas ideas conmigo obtendr\u00e1n respuesta si est\u00e1 en mis posibilidades atenderlas.<\/p>\n\n\n\n<p> Siempre apoyar\u00e9 porque somos del pueblo, de S\u00fachil y nos nace hacerlo\u201d.<\/p>\n\n\n\n<p><br>\u201cCuando se le tiene amor a la tierra que nos vio nacer, estas son las acciones que de verdad vale la pena recibir. Lo \u00fanico que me queda y llena de satisfacci\u00f3n es el cari\u00f1o que la gente me demuestra porque estamos ense\u00f1\u00e1ndoles a pescar\u201d.<\/p>\n\n\n\n<p>Antes, la instructora del curso de capacitaci\u00f3n, la ciudadana originaria de San Agust\u00edn, Etla, que hizo posible transmitir nuevo conocimiento a m\u00e1s de 30 entusiastas mujeres, p\u00fablicamente reconoci\u00f3:<\/p>\n\n\n\n<p><br>\u201cAqu\u00ed tenemos una mujer que se llama Amanda Ruiz Legaspi pensando cada d\u00eda en ayudar; que camina veredas y sube monta\u00f1as. Siempre presente en donde m\u00e1s se le necesita. Por eso, hay que seguir haciendo equipo, sigamos apoy\u00e1ndola con nuestra participaci\u00f3n\u201d, concluy\u00f3.<\/p>\n","protected":false},"excerpt":{"rendered":"<p>\u25cfSe trata del primer espacio en su tipo y g\u00e9nero en el valle de Etla&#8230;<\/p>\n","protected":false},"author":4,"featured_media":0,"comment_status":"open","ping_status":"open","sticky":false,"template":"","format":"standard","meta":{"footnotes":""},"categories":[9],"tags":[89,90,85,87,88,86,82,84,83],"jetpack_sharing_enabled":true,"featured_image_urls":{"full":"","thumbnail":"","medium":"","medium_large":"","large":"","1536x1536":"","2048x2048":"","covernews-slider-full":"","covernews-slider-center":"","covernews-featured":"","covernews-medium":"","covernews-medium-square":""},"author_info":{"display_name":"Mario Gir\u00f3n","author_link":"https:\/\/contextoanalisisperiodistico.com\/index.php\/author\/director\/"},"category_info":"<a href=\"https:\/\/contextoanalisisperiodistico.com\/index.php\/category\/politica\/\" rel=\"category tag\">Pol\u00edtica<\/a>","tag_info":"Pol\u00edtica","comment_count":"0","jetpack_featured_media_url":"","_links":{"self":[{"href":"https:\/\/contextoanalisisperiodistico.com\/index.php\/wp-json\/wp\/v2\/posts\/9760"}],"collection":[{"href":"https:\/\/contextoanalisisperiodistico.com\/index.php\/wp-json\/wp\/v2\/posts"}],"about":[{"href":"https:\/\/contextoanalisisperiodistico.com\/index.php\/wp-json\/wp\/v2\/types\/post"}],"author":[{"embeddable":true,"href":"https:\/\/contextoanalisisperiodistico.com\/index.php\/wp-json\/wp\/v2\/users\/4"}],"replies":[{"embeddable":true,"href":"https:\/\/contextoanalisisperiodistico.com\/index.php\/wp-json\/wp\/v2\/comments?post=9760"}],"version-history":[{"count":2,"href":"https:\/\/contextoanalisisperiodistico.com\/index.php\/wp-json\/wp\/v2\/posts\/9760\/revisions"}],"predecessor-version":[{"id":9768,"href":"https:\/\/contextoanalisisperiodistico.com\/index.php\/wp-json\/wp\/v2\/posts\/9760\/revisions\/9768"}],"wp:attachment":[{"href":"https:\/\/contextoanalisisperiodistico.com\/index.php\/wp-json\/wp\/v2\/media?parent=9760"}],"wp:term":[{"taxonomy":"category","embeddable":true,"href":"https:\/\/contextoanalisisperiodistico.com\/index.php\/wp-json\/wp\/v2\/categories?post=9760"},{"taxonomy":"post_tag","embeddable":true,"href":"https:\/\/contextoanalisisperiodistico.com\/index.php\/wp-json\/wp\/v2\/tags?post=9760"}],"curies":[{"name":"wp","href":"https:\/\/api.w.org\/{rel}","templated":true}]}}