{"id":9754,"date":"2023-03-06T15:44:35","date_gmt":"2023-03-06T21:44:35","guid":{"rendered":"https:\/\/contextoanalisisperiodistico.com\/?p=9754"},"modified":"2023-03-06T15:44:41","modified_gmt":"2023-03-06T21:44:41","slug":"brinda-gobierno-del-estado-asesoria-juridica-gratuitaa-mas-de-9-mil-mujeres-oaxaquenas","status":"publish","type":"post","link":"https:\/\/contextoanalisisperiodistico.com\/index.php\/2023\/03\/06\/brinda-gobierno-del-estado-asesoria-juridica-gratuitaa-mas-de-9-mil-mujeres-oaxaquenas\/","title":{"rendered":"Brinda Gobierno del Estado asesor\u00eda jur\u00eddica gratuita<br>a m\u00e1s de 9 mil mujeres oaxaque\u00f1as"},"content":{"rendered":"<div id=\"fb-root\"><\/div>\n\n<p>\u2022 En tres meses, a trav\u00e9s de la Defensor\u00eda P\u00fablica les ha asesorado en temas de reconocimiento de paternidad, divorcio, pensi\u00f3n alimenticia, guardia y custodia<br \/>\u2022 Tambi\u00e9n garantiza el derecho de la sociedad oaxaque\u00f1a a contar con el apoyo de una persona int\u00e9rprete en las 15 lenguas maternas que se hablan en la entidad<\/p>\n\n\n\n<p>Oaxaca de Ju\u00e1rez, Oax. 06 de marzo de 2023.- El Gobierno del Estado de Oaxaca a trav\u00e9s de la Defensor\u00eda P\u00fablica ha brindado atenci\u00f3n a 14 mil 682 personas usuarias que han requerido de asesor\u00eda jur\u00eddica gratuita y acompa\u00f1amiento en diversos asuntos jur\u00eddicos, en el periodo del 5 de diciembre de 2022 al de marzo de 2023, inform\u00f3 la dependencia.<\/p>\n\n\n\n<p>La atenci\u00f3n se ha ofrecido tanto en sus oficinas ubicadas en el Centro Administrativo del Poder Ejecutivo y Judicial como en las regiones del estado a trav\u00e9s de las Jornadas de Paz y Justicia para Mujeres, Adolescentes y Ni\u00f1as, promovida por la Secretar\u00eda de las Mujeres (SM) y en las Caravanas Bienestar coordinadas por la Secretar\u00eda de Bienestar, Tequio e Inclusi\u00f3n (Sebienti), realizadas para acercar los servicios y atenci\u00f3n gubernamental a las comunidades y pueblos de Oaxaca.<\/p>\n\n\n\n<p>De la totalidad de estos servicios de atenci\u00f3n jur\u00eddica gratuita, 9 mil 266 ha sido a mujeres de las ocho regiones del estado, de los cuales 776 fueron en el Istmo de Tehuantepec, 679 en la Costa, 119 en la Sierra de Flores Mag\u00f3n (Ca\u00f1ada), 377 en la Mixteca, 6 mil 744 en Valles Centrales, 223 en Sierra Sur, 111 en la Sierra Ju\u00e1rez y 237 en la Cuenca del Papaloapan, en seguimiento a la transversalizaci\u00f3n de la perspectiva de g\u00e9nero.<\/p>\n\n\n\n<p>La dependencia expuso que los servicios de asesor\u00eda jur\u00eddica brindados a las mujeres oaxaque\u00f1as, principalmente ind\u00edgenas y de zonas de alta marginaci\u00f3n, han sido de primer contacto en temas de reconocimiento de paternidad, divorcio, pensi\u00f3n alimenticia, guardia y custodia, derecho sucesorio, tambi\u00e9n en asuntos penales como sustracci\u00f3n de menores y violaci\u00f3n.<\/p>\n\n\n\n<p>La Defensor\u00eda P\u00fablica del Estado de Oaxaca tiene como objetivo garantizar el derecho humano de acceso a la justicia a personas de escasos recursos y en situaci\u00f3n de vulnerabilidad, asimismo, a trav\u00e9s del programa \u201cDefensoras y defensores en tu lengua\u201d brinda a las y los oaxaque\u00f1os una defensa jur\u00eddica intercultural en las 15 lenguas materna que se hablan en la entidad, en apego al eje trasversal de Interculturalidad.<\/p>\n\n\n\n<p>Estas acciones tambi\u00e9n se enmarcan en el eje estrat\u00e9gicos de Gobierno para la Reparaci\u00f3n Hist\u00f3rica de los pueblos a trav\u00e9s de las pol\u00edticas de bienestar transformador.<\/p>\n\n\n\n<p>La instancia invita a la ciudadan\u00eda a acercarse a la Defensor\u00eda P\u00fablica para solicitar asesor\u00eda en materia penal, civil, mercantil, familiar, agraria, constitucional, administrativa y justicia para adolescentes, en cualquiera de las oficinas ubicadas en las diferentes regiones, tambi\u00e9n pone a disposici\u00f3n los siguientes n\u00fameros: 9515016900, extensi\u00f3n 26750 y la l\u00ednea gratuita 800 990 12 13.<\/p>\n\n\n\n<p>La oficina central de la Defensor\u00eda P\u00fablica del Estado de Oaxaca se ubica en el Centro Administrativo del Poder Ejecutivo y Judicial, Edificio G Mar\u00eda Sabina, 4\u00ba. piso, en Avenida Gerardo Pandal Graf No. 1, en Reyes Mantec\u00f3n, San Bartolo Coyotepec, Oax.<\/p>\n\n\n\n<p>-0-<\/p>\n\n\n\n<figure class=\"wp-block-image size-large\"><img decoding=\"async\" src=\"https:\/\/contextoanalisisperiodistico.com\/wp-content\/uploads\/2023\/03\/img-20230306-wa00352521123755841943816.jpg\" alt=\"\" class=\"wp-image-9758\"\/><\/figure>\n\n\n\n<figure class=\"wp-block-image\"><img decoding=\"async\" src=\"https:\/\/contextoanalisisperiodistico.com\/wp-content\/uploads\/2023\/03\/img-20230306-wa00368426248096467970500-1024x902.jpg\" alt=\"\" class=\"wp-image-9757\"\/><\/figure>\n\n\n\n<figure class=\"wp-block-image\"><img decoding=\"async\" src=\"https:\/\/contextoanalisisperiodistico.com\/wp-content\/uploads\/2023\/03\/img-20230306-wa00396245186585139469496-241x300.jpg\" alt=\"\" class=\"wp-image-9756\"\/><\/figure>\n","protected":false},"excerpt":{"rendered":"<p>\u2022 En tres meses, a trav\u00e9s de la Defensor\u00eda P\u00fablica les ha asesorado en temas&#8230;<\/p>\n","protected":false},"author":4,"featured_media":0,"comment_status":"open","ping_status":"open","sticky":false,"template":"","format":"standard","meta":{"footnotes":""},"categories":[9],"tags":[],"jetpack_sharing_enabled":true,"featured_image_urls":{"full":"","thumbnail":"","medium":"","medium_large":"","large":"","1536x1536":"","2048x2048":"","covernews-slider-full":"","covernews-slider-center":"","covernews-featured":"","covernews-medium":"","covernews-medium-square":""},"author_info":{"display_name":"Mario Gir\u00f3n","author_link":"https:\/\/contextoanalisisperiodistico.com\/index.php\/author\/director\/"},"category_info":"<a href=\"https:\/\/contextoanalisisperiodistico.com\/index.php\/category\/politica\/\" rel=\"category tag\">Pol\u00edtica<\/a>","tag_info":"Pol\u00edtica","comment_count":"0","jetpack_featured_media_url":"","_links":{"self":[{"href":"https:\/\/contextoanalisisperiodistico.com\/index.php\/wp-json\/wp\/v2\/posts\/9754"}],"collection":[{"href":"https:\/\/contextoanalisisperiodistico.com\/index.php\/wp-json\/wp\/v2\/posts"}],"about":[{"href":"https:\/\/contextoanalisisperiodistico.com\/index.php\/wp-json\/wp\/v2\/types\/post"}],"author":[{"embeddable":true,"href":"https:\/\/contextoanalisisperiodistico.com\/index.php\/wp-json\/wp\/v2\/users\/4"}],"replies":[{"embeddable":true,"href":"https:\/\/contextoanalisisperiodistico.com\/index.php\/wp-json\/wp\/v2\/comments?post=9754"}],"version-history":[{"count":1,"href":"https:\/\/contextoanalisisperiodistico.com\/index.php\/wp-json\/wp\/v2\/posts\/9754\/revisions"}],"predecessor-version":[{"id":9759,"href":"https:\/\/contextoanalisisperiodistico.com\/index.php\/wp-json\/wp\/v2\/posts\/9754\/revisions\/9759"}],"wp:attachment":[{"href":"https:\/\/contextoanalisisperiodistico.com\/index.php\/wp-json\/wp\/v2\/media?parent=9754"}],"wp:term":[{"taxonomy":"category","embeddable":true,"href":"https:\/\/contextoanalisisperiodistico.com\/index.php\/wp-json\/wp\/v2\/categories?post=9754"},{"taxonomy":"post_tag","embeddable":true,"href":"https:\/\/contextoanalisisperiodistico.com\/index.php\/wp-json\/wp\/v2\/tags?post=9754"}],"curies":[{"name":"wp","href":"https:\/\/api.w.org\/{rel}","templated":true}]}}