{"id":9674,"date":"2023-03-04T22:56:59","date_gmt":"2023-03-05T04:56:59","guid":{"rendered":"https:\/\/contextoanalisisperiodistico.com\/?p=9674"},"modified":"2023-03-04T22:57:31","modified_gmt":"2023-03-05T04:57:31","slug":"sofoca-coesfo-dos-incendios-registrados-en-inmediaciones-de-monte-alban","status":"publish","type":"post","link":"https:\/\/contextoanalisisperiodistico.com\/index.php\/2023\/03\/04\/sofoca-coesfo-dos-incendios-registrados-en-inmediaciones-de-monte-alban\/","title":{"rendered":"Sofoca Coesfo dos incendios registrados en inmediaciones de Monte Alb\u00e1n"},"content":{"rendered":"<div id=\"fb-root\"><\/div>\n\n<p>\u2022 Se moviliz\u00f3 Brigada Contra Incendios Forestales para combatir el fuego<\/p>\n\n\n\n<p>Oaxaca de Ju\u00e1rez, Oax., 04 de marzo del 2023.- La Comisi\u00f3n Estatal Forestal de Oaxaca (Coesfo) inform\u00f3 que la tarde de este s\u00e1bado quedaron sofocados los dos incendios registrados en inmediaciones de la zona arqueol\u00f3gica de Monte Alb\u00e1n.<\/p>\n\n\n\n<p>El organismo dio a conocer que, alrededor de las 13:15 se recibi\u00f3 un reporte de incendio en el pol\u00edgono de Monte Alb\u00e1n en el paraje denominado \u201cMonte Alb\u00e1n Chico\u201d, perteneciente al municipio de Santa Cruz Xoxocotl\u00e1n.<\/p>\n\n\n\n<p>De inmediato se moviliz\u00f3 una Brigada Contra Incendios Forestales, que particip\u00f3 en el combate, control y liquidaci\u00f3n del fuego a las 15:45 horas de este mismo d\u00eda.<\/p>\n\n\n\n<p>Mientras que la segunda conflagraci\u00f3n se report\u00f3 a las 19:15 horas de la noche.<\/p>\n\n\n\n<p>Con base al reporte, el incendio se present\u00f3 tambi\u00e9n en el pol\u00edgono de Monte Alb\u00e1n en el paraje denominado \u201cLa Mona\u201d.<\/p>\n\n\n\n<p>Como una respuesta inmediata al reporte se moviliz\u00f3 una Brigada de la Comisi\u00f3n Estatal Forestal para el combate, control y liquidaci\u00f3n del fuego, mismo que se sofoc\u00f3 al 100% a las 20:40 de hoy s\u00e1bado.<\/p>\n\n\n\n<figure class=\"wp-block-video\"><video controls src=\"https:\/\/contextoanalisisperiodistico.com\/wp-content\/uploads\/2023\/03\/VID-20230304-WA0187.mp4\"><\/video><\/figure>\n\n\n\n<figure class=\"wp-block-image size-large\"><img decoding=\"async\" src=\"https:\/\/contextoanalisisperiodistico.com\/wp-content\/uploads\/2023\/03\/img-20230304-wa01911454390138960623338-576x1024.jpg\" alt=\"\" class=\"wp-image-9677\"\/><\/figure>\n\n\n\n<figure class=\"wp-block-image\"><img decoding=\"async\" src=\"https:\/\/contextoanalisisperiodistico.com\/wp-content\/uploads\/2023\/03\/img-20230304-wa01898790565728999520204-768x1024.jpg\" alt=\"\" class=\"wp-image-9678\"\/><\/figure>\n","protected":false},"excerpt":{"rendered":"<p>\u2022 Se moviliz\u00f3 Brigada Contra Incendios Forestales para combatir el fuego Oaxaca de Ju\u00e1rez, Oax.,&#8230;<\/p>\n","protected":false},"author":4,"featured_media":0,"comment_status":"open","ping_status":"open","sticky":false,"template":"","format":"standard","meta":{"footnotes":""},"categories":[9],"tags":[],"jetpack_sharing_enabled":true,"featured_image_urls":{"full":"","thumbnail":"","medium":"","medium_large":"","large":"","1536x1536":"","2048x2048":"","covernews-slider-full":"","covernews-slider-center":"","covernews-featured":"","covernews-medium":"","covernews-medium-square":""},"author_info":{"display_name":"Mario Gir\u00f3n","author_link":"https:\/\/contextoanalisisperiodistico.com\/index.php\/author\/director\/"},"category_info":"<a href=\"https:\/\/contextoanalisisperiodistico.com\/index.php\/category\/politica\/\" rel=\"category tag\">Pol\u00edtica<\/a>","tag_info":"Pol\u00edtica","comment_count":"0","jetpack_featured_media_url":"","_links":{"self":[{"href":"https:\/\/contextoanalisisperiodistico.com\/index.php\/wp-json\/wp\/v2\/posts\/9674"}],"collection":[{"href":"https:\/\/contextoanalisisperiodistico.com\/index.php\/wp-json\/wp\/v2\/posts"}],"about":[{"href":"https:\/\/contextoanalisisperiodistico.com\/index.php\/wp-json\/wp\/v2\/types\/post"}],"author":[{"embeddable":true,"href":"https:\/\/contextoanalisisperiodistico.com\/index.php\/wp-json\/wp\/v2\/users\/4"}],"replies":[{"embeddable":true,"href":"https:\/\/contextoanalisisperiodistico.com\/index.php\/wp-json\/wp\/v2\/comments?post=9674"}],"version-history":[{"count":1,"href":"https:\/\/contextoanalisisperiodistico.com\/index.php\/wp-json\/wp\/v2\/posts\/9674\/revisions"}],"predecessor-version":[{"id":9679,"href":"https:\/\/contextoanalisisperiodistico.com\/index.php\/wp-json\/wp\/v2\/posts\/9674\/revisions\/9679"}],"wp:attachment":[{"href":"https:\/\/contextoanalisisperiodistico.com\/index.php\/wp-json\/wp\/v2\/media?parent=9674"}],"wp:term":[{"taxonomy":"category","embeddable":true,"href":"https:\/\/contextoanalisisperiodistico.com\/index.php\/wp-json\/wp\/v2\/categories?post=9674"},{"taxonomy":"post_tag","embeddable":true,"href":"https:\/\/contextoanalisisperiodistico.com\/index.php\/wp-json\/wp\/v2\/tags?post=9674"}],"curies":[{"name":"wp","href":"https:\/\/api.w.org\/{rel}","templated":true}]}}