{"id":9673,"date":"2023-03-04T21:45:19","date_gmt":"2023-03-05T03:45:19","guid":{"rendered":"https:\/\/contextoanalisisperiodistico.com\/index.php\/2023\/03\/04\/eduardo-reyes-santiagodelegado-del-distrito-federalelectoral-08-del-pvem\/"},"modified":"2023-03-04T21:45:19","modified_gmt":"2023-03-05T03:45:19","slug":"eduardo-reyes-santiagodelegado-del-distrito-federalelectoral-08-del-pvem","status":"publish","type":"post","link":"https:\/\/contextoanalisisperiodistico.com\/index.php\/2023\/03\/04\/eduardo-reyes-santiagodelegado-del-distrito-federalelectoral-08-del-pvem\/","title":{"rendered":"Eduardo Reyes Santiago,<br>Delegado del Distrito Federal<br>Electoral 08 del PVEM"},"content":{"rendered":"<div id=\"fb-root\"><\/div>\n\n<p>(*) La toma de protesta correspondi\u00f3 al joven pol\u00edtico y dirigente estatal del Partido Verde, Jos\u00e9 Antonio Estefan Guillessen<\/p>\n\n\n\n<p><br>Mario GIR\u00d3N<\/p>\n\n\n\n<p><br>En un ambiente pol\u00edtico de respeto, alegr\u00eda, fe y confianza de que el presente puede convertirse en mejor futuro para Oaxaca con el PVEM, el amigo y hermano de las causas sociales de quienes menos poseen, Eduardo Reyes Santiago, rindi\u00f3 protesta como Delegado del Distrito Electoral Federal 08 con cabecera en Oaxaca de Ju\u00e1rez.<br>Emocionalmente canticos, vivas y porras: \u201cLalo Reyes\u201d Lalo Reyes\u201d rra, rra, rra, entonado por la respetable militancia, sirvieron de marco especial y colores al momento de la toma de protesta en voz del joven dirigente del Partido Verde, Jos\u00e9 Antonio Estefan Guillessen, expresando confianza en el trabajo del expresidente del PVEM en Oaxaca de Ju\u00e1rez, para desarrollar un magn\u00edfico desempe\u00f1o en tan importante destino federal electoral.<br>En el mensaje ofrecido a la dirigencia y militancia verde, Eduardo Reyes Santiago convoc\u00f3 a construir en unidad y trabajo un verde intenso el Distrito Electoral Federal 08. Reconoci\u00f3 la inexistencia de colores o grupos al interior de tan importante partido pol\u00edtico para los oaxaque\u00f1os.<br>\u201cSi existiera polarizaci\u00f3n al interior de nuestro instituto pol\u00edtico, la combatiremos a trav\u00e9s de la unidad, dialogo, honorabilidad y todo el poder a la base para la toma de las grandes decisiones que nos conviertan en el partido pol\u00edtico fuerte en Oaxaca\u201d.<br>El acontecimiento pol\u00edtico sucedi\u00f3 esta tarde sabatina en la nueva sede del PVEM. Cabe destacar que Rafael Vichido Luna, recibi\u00f3 la estafeta, la honrada distinci\u00f3n, de alta responsabilidad, de presidente del Comit\u00e9 Municipal Oaxaca de Ju\u00e1rez del PVEM.<\/p>\n\n\n\n<figure class=\"wp-block-video\"><video controls src=\"https:\/\/contextoanalisisperiodistico.com\/wp-content\/uploads\/2023\/03\/VID-20230304-WA0151.mp4\"><\/video><\/figure>\n\n\n\n<figure class=\"wp-block-image size-large\"><img decoding=\"async\" src=\"https:\/\/contextoanalisisperiodistico.com\/wp-content\/uploads\/2023\/03\/img-20230304-wa01361889157501492242154-1024x768.jpg\" alt=\"\" class=\"wp-image-9669\"\/><\/figure>\n\n\n\n<figure class=\"wp-block-image\"><img decoding=\"async\" src=\"https:\/\/contextoanalisisperiodistico.com\/wp-content\/uploads\/2023\/03\/img-20230304-wa01202936103298521894329-1024x768.jpg\" alt=\"\" class=\"wp-image-9671\"\/><\/figure>\n\n\n\n<figure class=\"wp-block-image\"><img decoding=\"async\" src=\"https:\/\/contextoanalisisperiodistico.com\/wp-content\/uploads\/2023\/03\/img-20230304-wa01081462981307492476010-1024x768.jpg\" alt=\"\" class=\"wp-image-9670\"\/><\/figure>\n\n\n\n<figure class=\"wp-block-image\"><img decoding=\"async\" src=\"https:\/\/contextoanalisisperiodistico.com\/wp-content\/uploads\/2023\/03\/img-20230304-wa01012240638172305054656-768x1024.jpg\" alt=\"\" class=\"wp-image-9672\"\/><\/figure>\n","protected":false},"excerpt":{"rendered":"<p>(*) La toma de protesta correspondi\u00f3 al joven pol\u00edtico y dirigente estatal del Partido Verde,&#8230;<\/p>\n","protected":false},"author":4,"featured_media":0,"comment_status":"open","ping_status":"open","sticky":false,"template":"","format":"standard","meta":{"footnotes":""},"categories":[9],"tags":[],"jetpack_sharing_enabled":true,"featured_image_urls":{"full":"","thumbnail":"","medium":"","medium_large":"","large":"","1536x1536":"","2048x2048":"","covernews-slider-full":"","covernews-slider-center":"","covernews-featured":"","covernews-medium":"","covernews-medium-square":""},"author_info":{"display_name":"Mario Gir\u00f3n","author_link":"https:\/\/contextoanalisisperiodistico.com\/index.php\/author\/director\/"},"category_info":"<a href=\"https:\/\/contextoanalisisperiodistico.com\/index.php\/category\/politica\/\" rel=\"category tag\">Pol\u00edtica<\/a>","tag_info":"Pol\u00edtica","comment_count":"0","jetpack_featured_media_url":"","_links":{"self":[{"href":"https:\/\/contextoanalisisperiodistico.com\/index.php\/wp-json\/wp\/v2\/posts\/9673"}],"collection":[{"href":"https:\/\/contextoanalisisperiodistico.com\/index.php\/wp-json\/wp\/v2\/posts"}],"about":[{"href":"https:\/\/contextoanalisisperiodistico.com\/index.php\/wp-json\/wp\/v2\/types\/post"}],"author":[{"embeddable":true,"href":"https:\/\/contextoanalisisperiodistico.com\/index.php\/wp-json\/wp\/v2\/users\/4"}],"replies":[{"embeddable":true,"href":"https:\/\/contextoanalisisperiodistico.com\/index.php\/wp-json\/wp\/v2\/comments?post=9673"}],"version-history":[{"count":0,"href":"https:\/\/contextoanalisisperiodistico.com\/index.php\/wp-json\/wp\/v2\/posts\/9673\/revisions"}],"wp:attachment":[{"href":"https:\/\/contextoanalisisperiodistico.com\/index.php\/wp-json\/wp\/v2\/media?parent=9673"}],"wp:term":[{"taxonomy":"category","embeddable":true,"href":"https:\/\/contextoanalisisperiodistico.com\/index.php\/wp-json\/wp\/v2\/categories?post=9673"},{"taxonomy":"post_tag","embeddable":true,"href":"https:\/\/contextoanalisisperiodistico.com\/index.php\/wp-json\/wp\/v2\/tags?post=9673"}],"curies":[{"name":"wp","href":"https:\/\/api.w.org\/{rel}","templated":true}]}}