{"id":9660,"date":"2023-03-04T18:45:34","date_gmt":"2023-03-05T00:45:34","guid":{"rendered":"https:\/\/contextoanalisisperiodistico.com\/?p=9660"},"modified":"2023-03-04T18:45:40","modified_gmt":"2023-03-05T00:45:40","slug":"estamos-haciendo-una-reingenieria-del-gasto-nuestra-premisa-es-la-austeridad-antonino-morales-toledo","status":"publish","type":"post","link":"https:\/\/contextoanalisisperiodistico.com\/index.php\/2023\/03\/04\/estamos-haciendo-una-reingenieria-del-gasto-nuestra-premisa-es-la-austeridad-antonino-morales-toledo\/","title":{"rendered":"Estamos haciendo una reingenier\u00eda del gasto; nuestra premisa es la austeridad: Antonino Morales Toledo"},"content":{"rendered":"<div id=\"fb-root\"><\/div>\n\n<ul>\n<li>El secretario de Administraci\u00f3n, Antonino Morales Toledo indic\u00f3 que se lleva a cabo un planeaci\u00f3n del gasto de manera eficiente y con miras en atenci\u00f3n a las causas<\/li>\n<\/ul>\n\n\n\n<p>Ciudad Ixtepec, Oax.- Antonino Morales Toledo, secretario de Administraci\u00f3n, asegur\u00f3 que el Gobierno que encabeza el gobernador Salom\u00f3n Jara Cruz, est\u00e1 realizando una reingenier\u00eda del gasto p\u00fablico que permita, \u00abhacer m\u00e1s con menos\u00bb.<\/p>\n\n\n\n<p>En gira de trabajo por la regi\u00f3n, se reuni\u00f3 con Gabriela L\u00f3pez Olivera, presidenta municipal de esta poblaci\u00f3n, a quien inform\u00f3 que el actual gobierno realiza una exhaustiva revisi\u00f3n de todos los recursos a fin de eficientarlos, para que se destinen a obra social y programas de infraestructura.<\/p>\n\n\n\n<p>Y es que asever\u00f3, el secretario de Administraci\u00f3n, que como bien lo dice el presidente Andr\u00e9s Manuel L\u00f3pez Obrador, \u00abno puede haber un gobierno rico, con un pueblo pobre\u00bb, y por lo que el recurso de la administraci\u00f3n p\u00fablica estatal debe destinarse a las necesidades m\u00e1s apremiantes de los pueblos y comunidades de Oaxaca.<\/p>\n\n\n\n<p>En ese sentido, Morales Toledo destac\u00f3 la importancia de cumplir con la instrucci\u00f3n del gobernador Salom\u00f3n Jara Cruz, de \u00abhacer un gobierno de territorio y no de escritorio\u00bb, para conocer de cerca las necesidades de los pueblos a fin de canalizar sus demandas, siempre buscando eficientar los servicios de la administraci\u00f3n p\u00fablica estatal.<\/p>\n\n\n\n<p>El titular de la Secretar\u00eda de Administraci\u00f3n expuso que la reingenier\u00eda del gasto, permitir\u00e1 tambi\u00e9n establecer nuevos procesos administrativos que llevar\u00e1 a una mejora significativa en costos, calidad, servicio y rapidez.<\/p>\n\n\n\n<figure class=\"wp-block-image size-large\"><img decoding=\"async\" src=\"https:\/\/contextoanalisisperiodistico.com\/wp-content\/uploads\/2023\/03\/img-20230304-wa01677170711530560710172.jpg\" alt=\"\" class=\"wp-image-9663\"\/><\/figure>\n\n\n\n<figure class=\"wp-block-image\"><img decoding=\"async\" src=\"https:\/\/contextoanalisisperiodistico.com\/wp-content\/uploads\/2023\/03\/img-20230304-wa01694129199204891066513-300x200.jpg\" alt=\"\" class=\"wp-image-9664\"\/><\/figure>\n\n\n\n<figure class=\"wp-block-image\"><img decoding=\"async\" src=\"https:\/\/contextoanalisisperiodistico.com\/wp-content\/uploads\/2023\/03\/img-20230304-wa01687805627500046669699-300x169.jpg\" alt=\"\" class=\"wp-image-9665\"\/><\/figure>\n","protected":false},"excerpt":{"rendered":"<p>Ciudad Ixtepec, Oax.- Antonino Morales Toledo, secretario de Administraci\u00f3n, asegur\u00f3 que el Gobierno que encabeza&#8230;<\/p>\n","protected":false},"author":4,"featured_media":0,"comment_status":"open","ping_status":"open","sticky":false,"template":"","format":"standard","meta":{"footnotes":""},"categories":[9],"tags":[],"jetpack_sharing_enabled":true,"featured_image_urls":{"full":"","thumbnail":"","medium":"","medium_large":"","large":"","1536x1536":"","2048x2048":"","covernews-slider-full":"","covernews-slider-center":"","covernews-featured":"","covernews-medium":"","covernews-medium-square":""},"author_info":{"display_name":"Mario Gir\u00f3n","author_link":"https:\/\/contextoanalisisperiodistico.com\/index.php\/author\/director\/"},"category_info":"<a href=\"https:\/\/contextoanalisisperiodistico.com\/index.php\/category\/politica\/\" rel=\"category tag\">Pol\u00edtica<\/a>","tag_info":"Pol\u00edtica","comment_count":"0","jetpack_featured_media_url":"","_links":{"self":[{"href":"https:\/\/contextoanalisisperiodistico.com\/index.php\/wp-json\/wp\/v2\/posts\/9660"}],"collection":[{"href":"https:\/\/contextoanalisisperiodistico.com\/index.php\/wp-json\/wp\/v2\/posts"}],"about":[{"href":"https:\/\/contextoanalisisperiodistico.com\/index.php\/wp-json\/wp\/v2\/types\/post"}],"author":[{"embeddable":true,"href":"https:\/\/contextoanalisisperiodistico.com\/index.php\/wp-json\/wp\/v2\/users\/4"}],"replies":[{"embeddable":true,"href":"https:\/\/contextoanalisisperiodistico.com\/index.php\/wp-json\/wp\/v2\/comments?post=9660"}],"version-history":[{"count":2,"href":"https:\/\/contextoanalisisperiodistico.com\/index.php\/wp-json\/wp\/v2\/posts\/9660\/revisions"}],"predecessor-version":[{"id":9666,"href":"https:\/\/contextoanalisisperiodistico.com\/index.php\/wp-json\/wp\/v2\/posts\/9660\/revisions\/9666"}],"wp:attachment":[{"href":"https:\/\/contextoanalisisperiodistico.com\/index.php\/wp-json\/wp\/v2\/media?parent=9660"}],"wp:term":[{"taxonomy":"category","embeddable":true,"href":"https:\/\/contextoanalisisperiodistico.com\/index.php\/wp-json\/wp\/v2\/categories?post=9660"},{"taxonomy":"post_tag","embeddable":true,"href":"https:\/\/contextoanalisisperiodistico.com\/index.php\/wp-json\/wp\/v2\/tags?post=9660"}],"curies":[{"name":"wp","href":"https:\/\/api.w.org\/{rel}","templated":true}]}}