{"id":9587,"date":"2023-03-02T22:25:51","date_gmt":"2023-03-03T04:25:51","guid":{"rendered":"https:\/\/contextoanalisisperiodistico.com\/?p=9587"},"modified":"2023-03-02T22:26:02","modified_gmt":"2023-03-03T04:26:02","slug":"anuncia-gobernador-salomon-jara-construccion-del-c5-para-reforzar-acciones-de-seguridad","status":"publish","type":"post","link":"https:\/\/contextoanalisisperiodistico.com\/index.php\/2023\/03\/02\/anuncia-gobernador-salomon-jara-construccion-del-c5-para-reforzar-acciones-de-seguridad\/","title":{"rendered":"Anuncia Gobernador Salom\u00f3n Jara construcci\u00f3n del C5 para reforzar acciones de seguridad"},"content":{"rendered":"<div id=\"fb-root\"><\/div>\n\n<p>\u2022 El proyecto conectar\u00e1 los Sistemas de Video vigilancia en el Estado<\/p>\n\n\n\n<p>Oaxaca de Ju\u00e1rez, Oax., 02 de marzo de 2023.- El Gobernador del Estado de Oaxaca Salom\u00f3n Jara Cruz anunci\u00f3 la construcci\u00f3n del Centro de Comando, Control, C\u00f3mputo, Comunicaciones y Contacto Ciudadano (C5).<\/p>\n\n\n\n<p>Durante la emisi\u00f3n del programa televisivo \u201cJueves de Gozona\u201d, destac\u00f3 que el objetivo de contar con un espacio de esta naturaleza es para reforzar las acciones de seguridad por medio del sistema de videovigilancia.<\/p>\n\n\n\n<p>Indic\u00f3 que durante la actual administraci\u00f3n se implementar\u00e1n acciones encaminadas a la pacificar las ocho regiones de Oaxaca, mediante la implementaci\u00f3n de pol\u00edticas que privilegien la construcci\u00f3n de paz, la seguridad, la legalidad y gobernabilidad, los cuales son los principales ejes de gobierno de la \u201cPrimavera Oaxaque\u00f1a\u201d.<\/p>\n\n\n\n<p>El Mandatario estatal anunci\u00f3 que este innovador proyecto contemplar\u00e1 la conexi\u00f3n de los Sistemas de C\u00e1maras de Seguridad en todo el Estado, con el objetivo de monitorear qui\u00e9n entra y qui\u00e9n sale de la entidad oaxaque\u00f1a, para garantizar la seguridad que el pueblo exige.<\/p>\n\n\n\n<p>Lament\u00f3 las condiciones en las que encontraron el Sistema de Seguridad en el Estado Oaxaca.<\/p>\n\n\n\n<p>Afirm\u00f3 que en la v\u00edspera de los primeros 100 d\u00edas de su mandato, diariamente la Secretar\u00eda de Seguridad, el Secretariado Ejecutivo del Sistema Estatal de Seguridad P\u00fablica y la Secretar\u00eda de Gobierno han emprendido acciones y esfuerzos para fortalecer la seguridad en Oaxaca.<\/p>\n\n\n\n<p>Durante la emisi\u00f3n n\u00famero 13 del programa \u201cJueves de Gozona\u201d, estuvieron como invitados los presidentes municipales de Santa Luc\u00eda del Camino, Juan Carlos Garc\u00eda M\u00e1rquez; de la Villa de Zaachila, Rigoberto Chac\u00f3n P\u00e9rez y la presidenta municipal de San Lorenzo Cacaotepec, Iris L\u00f3pez Zavaleta, quienes presentaron una muestra musical gastron\u00f3mica y cultural de sus comunidades.<\/p>\n\n\n\n<figure class=\"wp-block-image size-large\"><img decoding=\"async\" src=\"https:\/\/contextoanalisisperiodistico.com\/wp-content\/uploads\/2023\/03\/img-20230302-wa0382236181288316872460-1024x656.jpg\" alt=\"\" class=\"wp-image-9589\"\/><\/figure>\n\n\n\n<figure class=\"wp-block-image\"><img decoding=\"async\" src=\"https:\/\/contextoanalisisperiodistico.com\/wp-content\/uploads\/2023\/03\/img-20230302-wa03815108320084723736744-1024x682.jpg\" alt=\"\" class=\"wp-image-9591\"\/><\/figure>\n\n\n\n<figure class=\"wp-block-image\"><img decoding=\"async\" src=\"https:\/\/contextoanalisisperiodistico.com\/wp-content\/uploads\/2023\/03\/img-20230302-wa03888221605721748225614-1024x682.jpg\" alt=\"\" class=\"wp-image-9590\"\/><\/figure>\n\n\n\n<figure class=\"wp-block-image\"><img decoding=\"async\" src=\"https:\/\/contextoanalisisperiodistico.com\/wp-content\/uploads\/2023\/03\/img-20230302-wa0385852475132121002856-1024x682.jpg\" alt=\"\" class=\"wp-image-9593\"\/><\/figure>\n\n\n\n<figure class=\"wp-block-image\"><img decoding=\"async\" src=\"https:\/\/contextoanalisisperiodistico.com\/wp-content\/uploads\/2023\/03\/img-20230302-wa03808663355018956483511-1024x682.jpg\" alt=\"\" class=\"wp-image-9592\"\/><\/figure>\n","protected":false},"excerpt":{"rendered":"<p>\u2022 El proyecto conectar\u00e1 los Sistemas de Video vigilancia en el Estado Oaxaca de Ju\u00e1rez,&#8230;<\/p>\n","protected":false},"author":4,"featured_media":0,"comment_status":"open","ping_status":"open","sticky":false,"template":"","format":"standard","meta":{"footnotes":""},"categories":[9],"tags":[],"jetpack_sharing_enabled":true,"featured_image_urls":{"full":"","thumbnail":"","medium":"","medium_large":"","large":"","1536x1536":"","2048x2048":"","covernews-slider-full":"","covernews-slider-center":"","covernews-featured":"","covernews-medium":"","covernews-medium-square":""},"author_info":{"display_name":"Mario Gir\u00f3n","author_link":"https:\/\/contextoanalisisperiodistico.com\/index.php\/author\/director\/"},"category_info":"<a href=\"https:\/\/contextoanalisisperiodistico.com\/index.php\/category\/politica\/\" rel=\"category tag\">Pol\u00edtica<\/a>","tag_info":"Pol\u00edtica","comment_count":"0","jetpack_featured_media_url":"","_links":{"self":[{"href":"https:\/\/contextoanalisisperiodistico.com\/index.php\/wp-json\/wp\/v2\/posts\/9587"}],"collection":[{"href":"https:\/\/contextoanalisisperiodistico.com\/index.php\/wp-json\/wp\/v2\/posts"}],"about":[{"href":"https:\/\/contextoanalisisperiodistico.com\/index.php\/wp-json\/wp\/v2\/types\/post"}],"author":[{"embeddable":true,"href":"https:\/\/contextoanalisisperiodistico.com\/index.php\/wp-json\/wp\/v2\/users\/4"}],"replies":[{"embeddable":true,"href":"https:\/\/contextoanalisisperiodistico.com\/index.php\/wp-json\/wp\/v2\/comments?post=9587"}],"version-history":[{"count":1,"href":"https:\/\/contextoanalisisperiodistico.com\/index.php\/wp-json\/wp\/v2\/posts\/9587\/revisions"}],"predecessor-version":[{"id":9594,"href":"https:\/\/contextoanalisisperiodistico.com\/index.php\/wp-json\/wp\/v2\/posts\/9587\/revisions\/9594"}],"wp:attachment":[{"href":"https:\/\/contextoanalisisperiodistico.com\/index.php\/wp-json\/wp\/v2\/media?parent=9587"}],"wp:term":[{"taxonomy":"category","embeddable":true,"href":"https:\/\/contextoanalisisperiodistico.com\/index.php\/wp-json\/wp\/v2\/categories?post=9587"},{"taxonomy":"post_tag","embeddable":true,"href":"https:\/\/contextoanalisisperiodistico.com\/index.php\/wp-json\/wp\/v2\/tags?post=9587"}],"curies":[{"name":"wp","href":"https:\/\/api.w.org\/{rel}","templated":true}]}}