{"id":9568,"date":"2023-03-02T19:40:43","date_gmt":"2023-03-03T01:40:43","guid":{"rendered":"https:\/\/contextoanalisisperiodistico.com\/?p=9568"},"modified":"2023-03-02T19:40:48","modified_gmt":"2023-03-03T01:40:48","slug":"alcaldia-municipal-capacita-a-peritos-y-jueces-civicos-en-justicia-civica","status":"publish","type":"post","link":"https:\/\/contextoanalisisperiodistico.com\/index.php\/2023\/03\/02\/alcaldia-municipal-capacita-a-peritos-y-jueces-civicos-en-justicia-civica\/","title":{"rendered":"Alcald\u00eda Municipal capacita a Peritos y Jueces C\u00edvicos en Justicia C\u00edvica"},"content":{"rendered":"<div id=\"fb-root\"><\/div>\n\n<p>Como parte de la capacitaci\u00f3n y profesionalizaci\u00f3n al personal del Municipio de Oaxaca de Ju\u00e1rez, la Alcald\u00eda Municipal brind\u00f3 un taller sobre Justicia C\u00edvica a Peritos y Jueces C\u00edvicos, quienes se encargan de calificar y sancionar las faltas administrativas que se cometen en nuestra jurisdicci\u00f3n.<\/p>\n\n\n\n<p>El evento se realiz\u00f3 este martes en la Sala de Academia de la Polic\u00eda Municipal y fue encabezado por la alcaldesa municipal, Mireya Santos L\u00f3pez y el secretario de Seguridad Ciudadana, Movilidad y Protecci\u00f3n Civil, Ra\u00fal \u00c1vila Ibarra.<\/p>\n\n\n\n<p>Santos L\u00f3pez dijo que es prioridad del presidente municipal, Francisco Mart\u00ednez Neri, contar con personal capacitado para brindar una atenci\u00f3n de calidad a la ciudadan\u00eda, por lo cual se brind\u00f3 capacitaci\u00f3n sobre Justicia C\u00edvica, la cual ya se aplica en el municipio de Oaxaca de Ju\u00e1rez.<\/p>\n\n\n\n<p>Por su parte, \u00c1vila Ibarra dijo que los Jueces C\u00edvicos y Peritos se encargan de calificar el trabajo que realiza el personal de la Secretar\u00eda de Seguridad Ciudadana, Movilidad y Protecci\u00f3n Civil al detener ciudadanos por cometer alguna falta administrativa.<\/p>\n\n\n\n<p>Por ello, resalt\u00f3 la labor de la alcaldesa municipal por capacitar a su personal y con ello, atender mejor a la ciudadan\u00eda.<\/p>\n\n\n\n<p>El curso fue impartido por Jennifer Denise Reyes Zurita, quien mostr\u00f3 las caracter\u00edsticas del Modelo Homologado de la Justicia C\u00edvica, la parte de la mediaci\u00f3n y los actores que participan en la Justicia C\u00edvica.<\/p>\n\n\n\n<p>La ponente, precis\u00f3 que la Justicia C\u00edvica abarca tres tipos de sanciones, el arresto, la multa y el trabajo comunitario.<br \/>Es \u00e9ste \u00faltimo\u2014dijo\u2014el que impera en este modelo.<br \/>\u201cJusticia C\u00edvica da la importancia para que sea trabajo comunitario, m\u00e1s que la multa, m\u00e1s que el arresto, porque con ello, la persona infractora se da cuenta que en realidad hace un da\u00f1o a la comunidad al cometer la falta administrativa\u201d, refiri\u00f3.<\/p>\n\n\n\n<p>Reconoci\u00f3 que el Municipio de Oaxaca de Ju\u00e1rez ya aplica la Justicia C\u00edvica en casos de maltrato animal, hechos de tr\u00e1nsito y cuestiones de faltas administrativas en seguridad p\u00fablica.<\/p>\n\n\n\n<p>Es importante mencionar que el Juez Municipal es el encargado de impartir la Justicia C\u00edvica y es quien ordena d\u00f3nde y cu\u00e1ndo se debe realizar el trabajo comunitario por la falta administrativa cometida, por ejemplo, realizar la limpieza de las jardineras del z\u00f3calo y para que se cumpla, debe ser vigilado por un elemento de seguridad p\u00fablica.<\/p>\n\n\n\n<p>Finalmente mencion\u00f3 que la Justicia C\u00edvica est\u00e1 sustentada en el Bando de Polic\u00eda y Gobierno para el municipio de Oaxaca de Ju\u00e1rez, mientras que a nivel nacional, ya existe una iniciativa de ley.<br \/>Con estas acciones, la Secretar\u00eda de Seguridad Ciudadana, Movilidad y Protecci\u00f3n Civil refrenda su compromiso de proteger y servir a la ciudadan\u00eda.<\/p>\n\n\n\n<p><em>Polic\u00eda Municipal<\/em><br \/><em>Garante de Seguridad y Paz Social<\/em><br \/><em>\u00a1Polic\u00eda Municipal, m\u00e1s cerca de ti!<\/em><\/p>\n\n\n\n<figure class=\"wp-block-image size-large\"><img decoding=\"async\" src=\"https:\/\/contextoanalisisperiodistico.com\/wp-content\/uploads\/2023\/03\/img-20230302-wa03577556653658754393037-1024x768.jpg\" alt=\"\" class=\"wp-image-9570\"\/><\/figure>\n\n\n\n<figure class=\"wp-block-image\"><img decoding=\"async\" src=\"https:\/\/contextoanalisisperiodistico.com\/wp-content\/uploads\/2023\/03\/img-20230302-wa03564638448380598433931-1024x768.jpg\" alt=\"\" class=\"wp-image-9572\"\/><\/figure>\n\n\n\n<figure class=\"wp-block-image\"><img decoding=\"async\" src=\"https:\/\/contextoanalisisperiodistico.com\/wp-content\/uploads\/2023\/03\/img-20230302-wa03558904606428106018050-1024x768.jpg\" alt=\"\" class=\"wp-image-9571\"\/><\/figure>\n\n\n\n<figure class=\"wp-block-image\"><img decoding=\"async\" src=\"https:\/\/contextoanalisisperiodistico.com\/wp-content\/uploads\/2023\/03\/img-20230302-wa03587531202268331646029-1024x768.jpg\" alt=\"\" class=\"wp-image-9573\"\/><\/figure>\n","protected":false},"excerpt":{"rendered":"<p>Como parte de la capacitaci\u00f3n y profesionalizaci\u00f3n al personal del Municipio de Oaxaca de Ju\u00e1rez,&#8230;<\/p>\n","protected":false},"author":4,"featured_media":0,"comment_status":"open","ping_status":"open","sticky":false,"template":"","format":"standard","meta":{"footnotes":""},"categories":[7],"tags":[],"jetpack_sharing_enabled":true,"featured_image_urls":{"full":"","thumbnail":"","medium":"","medium_large":"","large":"","1536x1536":"","2048x2048":"","covernews-slider-full":"","covernews-slider-center":"","covernews-featured":"","covernews-medium":"","covernews-medium-square":""},"author_info":{"display_name":"Mario Gir\u00f3n","author_link":"https:\/\/contextoanalisisperiodistico.com\/index.php\/author\/director\/"},"category_info":"<a href=\"https:\/\/contextoanalisisperiodistico.com\/index.php\/category\/municipios\/\" rel=\"category tag\">Municipios<\/a>","tag_info":"Municipios","comment_count":"0","jetpack_featured_media_url":"","_links":{"self":[{"href":"https:\/\/contextoanalisisperiodistico.com\/index.php\/wp-json\/wp\/v2\/posts\/9568"}],"collection":[{"href":"https:\/\/contextoanalisisperiodistico.com\/index.php\/wp-json\/wp\/v2\/posts"}],"about":[{"href":"https:\/\/contextoanalisisperiodistico.com\/index.php\/wp-json\/wp\/v2\/types\/post"}],"author":[{"embeddable":true,"href":"https:\/\/contextoanalisisperiodistico.com\/index.php\/wp-json\/wp\/v2\/users\/4"}],"replies":[{"embeddable":true,"href":"https:\/\/contextoanalisisperiodistico.com\/index.php\/wp-json\/wp\/v2\/comments?post=9568"}],"version-history":[{"count":1,"href":"https:\/\/contextoanalisisperiodistico.com\/index.php\/wp-json\/wp\/v2\/posts\/9568\/revisions"}],"predecessor-version":[{"id":9574,"href":"https:\/\/contextoanalisisperiodistico.com\/index.php\/wp-json\/wp\/v2\/posts\/9568\/revisions\/9574"}],"wp:attachment":[{"href":"https:\/\/contextoanalisisperiodistico.com\/index.php\/wp-json\/wp\/v2\/media?parent=9568"}],"wp:term":[{"taxonomy":"category","embeddable":true,"href":"https:\/\/contextoanalisisperiodistico.com\/index.php\/wp-json\/wp\/v2\/categories?post=9568"},{"taxonomy":"post_tag","embeddable":true,"href":"https:\/\/contextoanalisisperiodistico.com\/index.php\/wp-json\/wp\/v2\/tags?post=9568"}],"curies":[{"name":"wp","href":"https:\/\/api.w.org\/{rel}","templated":true}]}}