{"id":9563,"date":"2023-03-02T19:03:13","date_gmt":"2023-03-03T01:03:13","guid":{"rendered":"https:\/\/contextoanalisisperiodistico.com\/?p=9563"},"modified":"2023-03-02T19:03:20","modified_gmt":"2023-03-03T01:03:20","slug":"acciones-de-seguridad-reducen-10-homicidios-dolosos-en-oaxaca","status":"publish","type":"post","link":"https:\/\/contextoanalisisperiodistico.com\/index.php\/2023\/03\/02\/acciones-de-seguridad-reducen-10-homicidios-dolosos-en-oaxaca\/","title":{"rendered":"Acciones de seguridad reducen 10% homicidios dolosos en Oaxaca"},"content":{"rendered":"<div id=\"fb-root\"><\/div>\n\n<p>\u2022 El Gobierno del Estado trabaja para garantizar el respeto a los derechos individuales de la ciudadan\u00eda<\/p>\n\n\n\n<p>\u2022 El Gabinete de Seguridad inform\u00f3 de las acciones y resultados obtenidos del 22 de febrero al 1 de marzo<\/p>\n\n\n\n<p>Oaxaca de Ju\u00e1rez, Oax. 2 de marzo de 2023.- El mes de febrero registr\u00f3 una disminuci\u00f3n del 10% en los casos de homicidios dolosos en la entidad, inform\u00f3 el Gabinete de Seguridad del Gobierno del Estado de Oaxaca.<\/p>\n\n\n\n<p>En conferencia de prensa este jueves, la Secretar\u00eda de Seguridad y Protecci\u00f3n Ciudadana, inform\u00f3 que en el mes de febrero se registr\u00f3 una reducci\u00f3n del 10% en los homicidios dolosos respecto al mes de enero.<\/p>\n\n\n\n<p>Tambi\u00e9n, report\u00f3 una mayor efectividad en la detenci\u00f3n de personas, siendo que en enero se detuvo a cinco por cometer homicidios dolosos y dos por feminicidio. En tanto, que en febrero se detuvo a 10 por homicidios dolosos y cuatro por feminicidio.<\/p>\n\n\n\n<p>El titular de la dependencia, Capit\u00e1n de Fragata, Iv\u00e1n Garc\u00eda \u00c1lvarez anunci\u00f3 que, para atender la incidencia delictiva de homicidios y feminicidios, se ha iniciado un proceso de rearticulaci\u00f3n de las fuerzas de seguridad en la entidad.<\/p>\n\n\n\n<p>Asimismo, el trabajo coordinado entre las corporaciones de seguridad de los tres \u00f3rdenes de gobierno en diversos operativos, permitieron 309 recorridos de seguridad y vigilancia, logrando la detenci\u00f3n de 66 personas; 20 por faltas administrativas; 26 del fuero com\u00fan y 20 del fuero federal.<\/p>\n\n\n\n<p>Tambi\u00e9n, se aseguraron 120 veh\u00edculos, de los cuales 18 contaban con reporte de robo; y se decomisaron 321 dosis de presuntas drogas (cristal, piedra, hero\u00edna y coca\u00edna), 980 gramos de marihuana y 32 dosis (marihuana) en Centros Penitenciarios. A su vez se aseguraron, 20 armas de fuego, 130 municiones y 3 cargadores; as\u00ed como, 2 mil 400 litros de hidrocarburo y 26 mil 468 pesos en efectivo.<\/p>\n\n\n\n<p>Se detuvo a cuatro personas, una de estas relacionada a un grupo delincuencial, y la otra como probable responsable de delitos contra la salud.<\/p>\n\n\n\n<p>Se certifican 567 elementos policiacos<\/p>\n\n\n\n<p>La titular del Secretariado Ejecutivo del Sistema Estatal de Seguridad P\u00fablica, Karina Bar\u00f3n Ortiz expres\u00f3 que se entregaron 567 Certificados \u00danicos Policiales (CUP) a elementos que aprobaron sus ex\u00e1menes de control y confianza en capacitaci\u00f3n, de estos, 76 son de Huajuapan de Le\u00f3n, cinco de Santiago Pinotepa Nacional, ocho de Santa Mar\u00eda Huatulco, 13 de Salina Cruz; 51 de San Juan Bautista Tuxtepec, 4 de Loma Bonita, 4 San Miguel Soyaltepec y 406 de Oaxaca de Ju\u00e1rez.<\/p>\n\n\n\n<p>Expres\u00f3 que mediante las acciones de Escuela Segura se capacit\u00f3 a 815 personas, entre docentes, alumnado, padres y madres de familia, de ocho centros de educaci\u00f3n b\u00e1sica, media y superior, de San Juan Bautista Tuxtepec; y a mil 102 personas de 10 centros educativos del nivel b\u00e1sico Loma Bonita<\/p>\n\n\n\n<p>Realizan operativo de seguridad en el Centro Penitenciario de Tuxtepec<\/p>\n\n\n\n<p>El subsecretario de Prevenci\u00f3n y Reinserci\u00f3n Social de Oaxaca, Roberto Claudio Castillo Ram\u00edrez se\u00f1al\u00f3 que el pasado lunes se llev\u00f3 a cabo un operativo masivo en el Centro Penitenciario de Tuxtepec, con la finalidad de fortalecer las medidas de seguridad, orden y gobernabilidad en este lugar.<\/p>\n\n\n\n<p>Esta acci\u00f3n permiti\u00f3 el aseguramiento de 32 envoltorios de marihuana y 73 objetos prohibidos establecidos en la Ley Nacional de Ejecuci\u00f3n Penal, que son encendedores, perfumes, medicamentos no autorizados y relojes.<\/p>\n\n\n\n<p>Previo a este operativo masivo, una noche anterior se realiz\u00f3 una revisi\u00f3n aleatoria que permiti\u00f3 el decomiso de 13 envoltorios de cristal, 14 de marihuana y un envoltorio de marihuana sin peso determinado.<\/p>\n\n\n\n<p>En este operativo participaron elementos de Seguridad Penitenciaria, de Seguridad y Polic\u00eda Vial Estatal, de la Secretar\u00eda de la Defensa Nacional, el Honorable Cuerpo de Bomberos y de la Defensor\u00eda de los Derechos Humanos de Oaxaca.<\/p>\n\n\n\n<p>El secretario de Gobierno, Jes\u00fas Romero L\u00f3pez, expres\u00f3 que la administraci\u00f3n que encabeza Salom\u00f3n Jara Cruz trabaja para salvaguardar la integridad y el patrimonio de la ciudadan\u00eda oaxaque\u00f1a, as\u00ed como mantener la paz social.<\/p>\n\n\n\n<p>Reiter\u00f3 que seguir\u00e1 siendo respetoso del derecho a la libre manifestaci\u00f3n, pero tambi\u00e9n se garantizar\u00e1 el derecho al libre tr\u00e1nsito.<\/p>\n\n\n\n<p>En este sentido, hizo un llamado a las organizaciones sociales para que replanteen sus estrategias de lucha sin que afecten a terceras personas. \u201cLa gente ya est\u00e1 molesta y lo que necesitan los movimientos sociales es solidaridad y no rechazo, por eso hay que rediscutir c\u00f3mo debe ser la nueva relaci\u00f3n social entre organizaciones, magisterio, sindicatos, gobierno y sociedad\u201d, afirm\u00f3.<\/p>\n\n\n\n<p>-0-<\/p>\n\n\n\n<figure class=\"wp-block-image size-large\"><img decoding=\"async\" src=\"https:\/\/contextoanalisisperiodistico.com\/wp-content\/uploads\/2023\/03\/img-20230302-wa032571158754743935171-1024x682.jpg\" alt=\"\" class=\"wp-image-9566\"\/><\/figure>\n\n\n\n<figure class=\"wp-block-image\"><img decoding=\"async\" src=\"https:\/\/contextoanalisisperiodistico.com\/wp-content\/uploads\/2023\/03\/img-20230302-wa03265677124954895362502-1024x682.jpg\" alt=\"\" class=\"wp-image-9565\"\/><\/figure>\n","protected":false},"excerpt":{"rendered":"<p>\u2022 El Gobierno del Estado trabaja para garantizar el respeto a los derechos individuales de&#8230;<\/p>\n","protected":false},"author":4,"featured_media":0,"comment_status":"open","ping_status":"open","sticky":false,"template":"","format":"standard","meta":{"footnotes":""},"categories":[9,10],"tags":[],"jetpack_sharing_enabled":true,"featured_image_urls":{"full":"","thumbnail":"","medium":"","medium_large":"","large":"","1536x1536":"","2048x2048":"","covernews-slider-full":"","covernews-slider-center":"","covernews-featured":"","covernews-medium":"","covernews-medium-square":""},"author_info":{"display_name":"Mario Gir\u00f3n","author_link":"https:\/\/contextoanalisisperiodistico.com\/index.php\/author\/director\/"},"category_info":"<a href=\"https:\/\/contextoanalisisperiodistico.com\/index.php\/category\/politica\/\" rel=\"category tag\">Pol\u00edtica<\/a> <a href=\"https:\/\/contextoanalisisperiodistico.com\/index.php\/category\/seguridad\/\" rel=\"category tag\">Seguridad<\/a>","tag_info":"Seguridad","comment_count":"0","jetpack_featured_media_url":"","_links":{"self":[{"href":"https:\/\/contextoanalisisperiodistico.com\/index.php\/wp-json\/wp\/v2\/posts\/9563"}],"collection":[{"href":"https:\/\/contextoanalisisperiodistico.com\/index.php\/wp-json\/wp\/v2\/posts"}],"about":[{"href":"https:\/\/contextoanalisisperiodistico.com\/index.php\/wp-json\/wp\/v2\/types\/post"}],"author":[{"embeddable":true,"href":"https:\/\/contextoanalisisperiodistico.com\/index.php\/wp-json\/wp\/v2\/users\/4"}],"replies":[{"embeddable":true,"href":"https:\/\/contextoanalisisperiodistico.com\/index.php\/wp-json\/wp\/v2\/comments?post=9563"}],"version-history":[{"count":1,"href":"https:\/\/contextoanalisisperiodistico.com\/index.php\/wp-json\/wp\/v2\/posts\/9563\/revisions"}],"predecessor-version":[{"id":9567,"href":"https:\/\/contextoanalisisperiodistico.com\/index.php\/wp-json\/wp\/v2\/posts\/9563\/revisions\/9567"}],"wp:attachment":[{"href":"https:\/\/contextoanalisisperiodistico.com\/index.php\/wp-json\/wp\/v2\/media?parent=9563"}],"wp:term":[{"taxonomy":"category","embeddable":true,"href":"https:\/\/contextoanalisisperiodistico.com\/index.php\/wp-json\/wp\/v2\/categories?post=9563"},{"taxonomy":"post_tag","embeddable":true,"href":"https:\/\/contextoanalisisperiodistico.com\/index.php\/wp-json\/wp\/v2\/tags?post=9563"}],"curies":[{"name":"wp","href":"https:\/\/api.w.org\/{rel}","templated":true}]}}