{"id":9547,"date":"2023-03-02T17:12:37","date_gmt":"2023-03-02T23:12:37","guid":{"rendered":"https:\/\/contextoanalisisperiodistico.com\/?p=9547"},"modified":"2023-03-02T17:12:43","modified_gmt":"2023-03-02T23:12:43","slug":"se-instituye-el-comite-de-control-interno-de-la-secretaria-de-administracion","status":"publish","type":"post","link":"https:\/\/contextoanalisisperiodistico.com\/index.php\/2023\/03\/02\/se-instituye-el-comite-de-control-interno-de-la-secretaria-de-administracion\/","title":{"rendered":"Se instituye el Comit\u00e9 de Control Interno de la Secretar\u00eda de Administraci\u00f3n"},"content":{"rendered":"<div id=\"fb-root\"><\/div>\n\n<p>\u2022 De esta manera, la dependencia consolida la rendici\u00f3n de cuentas y el combate a la corrupci\u00f3n<\/p>\n\n\n\n<p>Tlalixtac de Cabrera, Oax. 2 de marzo de 2023.- La Secretar\u00eda de Administraci\u00f3n del Gobierno de Oaxaca instaur\u00f3 su Comit\u00e9 de Control Interno con el objetivo de consolidar la rendici\u00f3n de cuentas y el combate a la corrupci\u00f3n.<\/p>\n\n\n\n<p>En su car\u00e1cter de presidente de este organismo, el titular de la dependencia, Antonino Morales Toledo tom\u00f3 protesta al funcionariado p\u00fablico que integrar\u00e1 la Junta Directiva.<\/p>\n\n\n\n<p>De esta forma se cumple el eje estrat\u00e9gico de pol\u00edticas p\u00fablicas impulsados por la administraci\u00f3n actual, en materia de combate a la corrupci\u00f3n.<\/p>\n\n\n\n<p>Reunidos en la sala de juntas \u201cRicardo Flores Mag\u00f3n\u201d, ubicada en el edificio 1 del complejo Ciudad Administrativa, Morales Toledo convoc\u00f3 al Comit\u00e9 a seguir los principios de eficacia, transparencia y honradez en la ejecuci\u00f3n de acciones, para dar cumplimiento a las metas institucionales.<\/p>\n\n\n\n<p>Este comit\u00e9 est\u00e1 orientado a proporcionar seguridad razonable sobre la obtenci\u00f3n de los objetivos gubernamentales y salvaguardar los recursos p\u00fablicos, as\u00ed como generar mecanismos que respalden la integridad y el comportamiento \u00e9tico de las y los servidores p\u00fablicos, adem\u00e1s de fortalecer los procesos de rendici\u00f3n de cuentas y transparencia gubernamentales, previniendo actos de corrupci\u00f3n.<\/p>\n\n\n\n<p>El Comit\u00e9 de Control Interno es un sistema integral y continuo, garante del cumplimiento constante de los objetivos de la Secretar\u00eda de Administraci\u00f3n a trav\u00e9s de m\u00e9todos, pol\u00edticas y procedimientos.<\/p>\n\n\n\n<p>Con el fortalecimiento de este sistema se garantiza la operatividad, eficiencia de los objetivos y metas institucionales, as\u00ed como la transparencia y rendici\u00f3n de cuentas.<\/p>\n\n\n\n<p>-0-<\/p>\n\n\n\n<figure class=\"wp-block-image size-large\"><img decoding=\"async\" src=\"https:\/\/contextoanalisisperiodistico.com\/wp-content\/uploads\/2023\/03\/img-20230302-wa03321038434158720800179.jpg\" alt=\"\" class=\"wp-image-9549\"\/><\/figure>\n","protected":false},"excerpt":{"rendered":"<p>\u2022 De esta manera, la dependencia consolida la rendici\u00f3n de cuentas y el combate a&#8230;<\/p>\n","protected":false},"author":4,"featured_media":0,"comment_status":"open","ping_status":"open","sticky":false,"template":"","format":"standard","meta":{"footnotes":""},"categories":[9],"tags":[],"jetpack_sharing_enabled":true,"featured_image_urls":{"full":"","thumbnail":"","medium":"","medium_large":"","large":"","1536x1536":"","2048x2048":"","covernews-slider-full":"","covernews-slider-center":"","covernews-featured":"","covernews-medium":"","covernews-medium-square":""},"author_info":{"display_name":"Mario Gir\u00f3n","author_link":"https:\/\/contextoanalisisperiodistico.com\/index.php\/author\/director\/"},"category_info":"<a href=\"https:\/\/contextoanalisisperiodistico.com\/index.php\/category\/politica\/\" rel=\"category tag\">Pol\u00edtica<\/a>","tag_info":"Pol\u00edtica","comment_count":"0","jetpack_featured_media_url":"","_links":{"self":[{"href":"https:\/\/contextoanalisisperiodistico.com\/index.php\/wp-json\/wp\/v2\/posts\/9547"}],"collection":[{"href":"https:\/\/contextoanalisisperiodistico.com\/index.php\/wp-json\/wp\/v2\/posts"}],"about":[{"href":"https:\/\/contextoanalisisperiodistico.com\/index.php\/wp-json\/wp\/v2\/types\/post"}],"author":[{"embeddable":true,"href":"https:\/\/contextoanalisisperiodistico.com\/index.php\/wp-json\/wp\/v2\/users\/4"}],"replies":[{"embeddable":true,"href":"https:\/\/contextoanalisisperiodistico.com\/index.php\/wp-json\/wp\/v2\/comments?post=9547"}],"version-history":[{"count":1,"href":"https:\/\/contextoanalisisperiodistico.com\/index.php\/wp-json\/wp\/v2\/posts\/9547\/revisions"}],"predecessor-version":[{"id":9550,"href":"https:\/\/contextoanalisisperiodistico.com\/index.php\/wp-json\/wp\/v2\/posts\/9547\/revisions\/9550"}],"wp:attachment":[{"href":"https:\/\/contextoanalisisperiodistico.com\/index.php\/wp-json\/wp\/v2\/media?parent=9547"}],"wp:term":[{"taxonomy":"category","embeddable":true,"href":"https:\/\/contextoanalisisperiodistico.com\/index.php\/wp-json\/wp\/v2\/categories?post=9547"},{"taxonomy":"post_tag","embeddable":true,"href":"https:\/\/contextoanalisisperiodistico.com\/index.php\/wp-json\/wp\/v2\/tags?post=9547"}],"curies":[{"name":"wp","href":"https:\/\/api.w.org\/{rel}","templated":true}]}}