{"id":9539,"date":"2023-03-02T15:22:18","date_gmt":"2023-03-02T21:22:18","guid":{"rendered":"https:\/\/contextoanalisisperiodistico.com\/?p=9539"},"modified":"2023-03-02T15:23:18","modified_gmt":"2023-03-02T21:23:18","slug":"con-resultados-la-sspc-refuerza-paz-y-seguridad-en-oaxaca","status":"publish","type":"post","link":"https:\/\/contextoanalisisperiodistico.com\/index.php\/2023\/03\/02\/con-resultados-la-sspc-refuerza-paz-y-seguridad-en-oaxaca\/","title":{"rendered":"Con resultados, la SSPC refuerza paz y seguridad en Oaxaca"},"content":{"rendered":"<div id=\"fb-root\"><\/div>\n\n<p>-\u00abMe robaron con violencia mi autom\u00f3vil\u00bb, fue la denuncia, la petici\u00f3n de auxilio de un ciudadano,  al que con lujo de violencia, arrebataron lujoso autom\u00f3vil, el cual, mas tarde y exitosamente, ser\u00eda recuperado a trav\u00e9s de un trabajo coordinado de la Polic\u00eda Estatal v\u00eda 911 y el C4. <\/p>\n\n\n\n<figure class=\"wp-block-video\"><video controls src=\"https:\/\/contextoanalisisperiodistico.com\/wp-content\/uploads\/2023\/03\/VID-20230302-WA0042.mp4\"><\/video><\/figure>\n\n\n\n<figure class=\"wp-block-image size-large\"><img decoding=\"async\" src=\"https:\/\/contextoanalisisperiodistico.com\/wp-content\/uploads\/2023\/03\/screenshot_20230302-130054_whatsapp848392868031070186.jpg\" alt=\"\" class=\"wp-image-9543\"\/><\/figure>\n\n\n\n<figure class=\"wp-block-image\"><img decoding=\"async\" src=\"https:\/\/contextoanalisisperiodistico.com\/wp-content\/uploads\/2023\/03\/screenshot_20230302-130104_whatsapp6881835209138041751-300x123.jpg\" alt=\"\" class=\"wp-image-9545\"\/><\/figure>\n\n\n\n<figure class=\"wp-block-image\"><img decoding=\"async\" src=\"https:\/\/contextoanalisisperiodistico.com\/wp-content\/uploads\/2023\/03\/screenshot_20230302-130101_whatsapp3835836610150583216-300x138.jpg\" alt=\"\" class=\"wp-image-9544\"\/><\/figure>\n","protected":false},"excerpt":{"rendered":"<p>-\u00abMe robaron con violencia mi autom\u00f3vil\u00bb, fue la denuncia, la petici\u00f3n de auxilio de un&#8230;<\/p>\n","protected":false},"author":4,"featured_media":0,"comment_status":"open","ping_status":"open","sticky":false,"template":"","format":"standard","meta":{"footnotes":""},"categories":[9],"tags":[81,80],"jetpack_sharing_enabled":true,"featured_image_urls":{"full":"","thumbnail":"","medium":"","medium_large":"","large":"","1536x1536":"","2048x2048":"","covernews-slider-full":"","covernews-slider-center":"","covernews-featured":"","covernews-medium":"","covernews-medium-square":""},"author_info":{"display_name":"Mario Gir\u00f3n","author_link":"https:\/\/contextoanalisisperiodistico.com\/index.php\/author\/director\/"},"category_info":"<a href=\"https:\/\/contextoanalisisperiodistico.com\/index.php\/category\/politica\/\" rel=\"category tag\">Pol\u00edtica<\/a>","tag_info":"Pol\u00edtica","comment_count":"0","jetpack_featured_media_url":"","_links":{"self":[{"href":"https:\/\/contextoanalisisperiodistico.com\/index.php\/wp-json\/wp\/v2\/posts\/9539"}],"collection":[{"href":"https:\/\/contextoanalisisperiodistico.com\/index.php\/wp-json\/wp\/v2\/posts"}],"about":[{"href":"https:\/\/contextoanalisisperiodistico.com\/index.php\/wp-json\/wp\/v2\/types\/post"}],"author":[{"embeddable":true,"href":"https:\/\/contextoanalisisperiodistico.com\/index.php\/wp-json\/wp\/v2\/users\/4"}],"replies":[{"embeddable":true,"href":"https:\/\/contextoanalisisperiodistico.com\/index.php\/wp-json\/wp\/v2\/comments?post=9539"}],"version-history":[{"count":2,"href":"https:\/\/contextoanalisisperiodistico.com\/index.php\/wp-json\/wp\/v2\/posts\/9539\/revisions"}],"predecessor-version":[{"id":9546,"href":"https:\/\/contextoanalisisperiodistico.com\/index.php\/wp-json\/wp\/v2\/posts\/9539\/revisions\/9546"}],"wp:attachment":[{"href":"https:\/\/contextoanalisisperiodistico.com\/index.php\/wp-json\/wp\/v2\/media?parent=9539"}],"wp:term":[{"taxonomy":"category","embeddable":true,"href":"https:\/\/contextoanalisisperiodistico.com\/index.php\/wp-json\/wp\/v2\/categories?post=9539"},{"taxonomy":"post_tag","embeddable":true,"href":"https:\/\/contextoanalisisperiodistico.com\/index.php\/wp-json\/wp\/v2\/tags?post=9539"}],"curies":[{"name":"wp","href":"https:\/\/api.w.org\/{rel}","templated":true}]}}