{"id":9517,"date":"2023-03-01T21:00:25","date_gmt":"2023-03-02T03:00:25","guid":{"rendered":"https:\/\/contextoanalisisperiodistico.com\/index.php\/2023\/03\/01\/ogaipo-entrega-informe-anual-de-actividades-2022-al-congreso-del-estado-de-oaxaca\/"},"modified":"2023-03-01T21:00:25","modified_gmt":"2023-03-02T03:00:25","slug":"ogaipo-entrega-informe-anual-de-actividades-2022-al-congreso-del-estado-de-oaxaca","status":"publish","type":"post","link":"https:\/\/contextoanalisisperiodistico.com\/index.php\/2023\/03\/01\/ogaipo-entrega-informe-anual-de-actividades-2022-al-congreso-del-estado-de-oaxaca\/","title":{"rendered":"OGAIPO entrega informe anual de actividades 2022 al Congreso del Estado de Oaxaca"},"content":{"rendered":"<div id=\"fb-root\"><\/div>\n\n<p>\u00a0\u00a0\u00a0\u25cf<em>En un ejercicio de legalidad y transparencia, Comisionado Presidente del OGAIPO entrega Informe<\/em><\/p>\n\n\n\n<figure class=\"wp-block-image size-large\"><img decoding=\"async\" src=\"https:\/\/contextoanalisisperiodistico.com\/wp-content\/uploads\/2023\/03\/img_78278545122380315462068-1024x683.jpg\" alt=\"\" class=\"wp-image-9516\"><\/figure>\n\n\n\n<p>Oaxaca de Ju\u00e1rez, Oaxaca a 01 de marzo de 2023.- El Comisionado Presidente del \u00d3rgano Garante de Acceso a la Informaci\u00f3n P\u00fablica, Transparencia, Protecci\u00f3n de Datos Personales y Buen Gobierno del Estado de Oaxaca (OGAIPO), Josu\u00e9 Solana Salmor\u00e1n, con el acompa\u00f1amiento de las Comisionadas X\u00f3chitl Elizabeth M\u00e9ndez S\u00e1nchez, Claudia Ivette Soto Pineda, Mar\u00eda Tanivet Ramos Reyes y el Comisionado Jos\u00e9 Luis Echeverr\u00eda Morales, realizaron la entrega del Informe Anual de Actividades 2022 al H. Congreso del Estado de Oaxaca.<\/p>\n\n\n\n<p>&nbsp;<\/p>\n\n\n\n<p>La entrega del informe se efectu\u00f3 en la Sala de Expresidentes del H. Congreso del Estado, estuvieron tambi\u00e9n presentes, la Diputada Miriam de los \u00c1ngeles V\u00e1zquez Ru\u00edz, Presidenta de la Mesa Directiva; el Diputado Luis Alfonso Silva Romo, Presidente de la Junta de Coordinaci\u00f3n Pol\u00edtica; el Diputado Leonardo D\u00edaz Jim\u00e9nez, Presidente de la Comisi\u00f3n Permanente de Transparencia, Acceso a la Informaci\u00f3n y Congreso Abierto; la Diputada Eva Diego Cruz, integrante de la Comisi\u00f3n Permanente de Transparencia, Acceso a la Informaci\u00f3n y Congreso Abierto y la Diputada Concepci\u00f3n Rueda G\u00f3mez.<\/p>\n\n\n\n<p>&nbsp;<\/p>\n\n\n\n<p>El Comisionado Presidente del OGAIPO, Josu\u00e9 Solana Salmor\u00e1n puntualiz\u00f3 que en acato a la Ley en materia, que establece rendir un Informe Anual de Actividades; especific\u00f3 que el documento se integra de 16 cap\u00edtulos, el \u00faltimo de estos, describe el Plan de Trabajo del mismo ejercicio. Solicit\u00f3 que una vez revisado, se convoque al \u00d3rgano Garante Local para explicar el Informe puntualmente como un ejercicio transparente; \u201cel OGAIPO es un \u00d3rgano que garantiza dos derechos fundamentales con un trabajo en beneficio para la ciudadan\u00eda\u201d, finaliz\u00f3.<\/p>\n\n\n\n<p>&nbsp;<\/p>\n\n\n\n<p>Cabe mencionar que este Informe se entreg\u00f3 en Oficial\u00eda de Partes del H. Congreso del Estado el 28 de febrero del presente ejercicio, en cumplimiento con lo establecido con el T\u00edtulo V, Art\u00edculo 84 de la Ley de Transparencia, Acceso a la Informaci\u00f3n P\u00fablica y Buen Gobierno del Estado de Oaxaca.<\/p>\n","protected":false},"excerpt":{"rendered":"<p>\u00a0\u00a0\u00a0\u25cfEn un ejercicio de legalidad y transparencia, Comisionado Presidente del OGAIPO entrega Informe Oaxaca de&#8230;<\/p>\n","protected":false},"author":4,"featured_media":0,"comment_status":"open","ping_status":"open","sticky":false,"template":"","format":"standard","meta":{"footnotes":""},"categories":[3],"tags":[],"jetpack_sharing_enabled":true,"featured_image_urls":{"full":"","thumbnail":"","medium":"","medium_large":"","large":"","1536x1536":"","2048x2048":"","covernews-slider-full":"","covernews-slider-center":"","covernews-featured":"","covernews-medium":"","covernews-medium-square":""},"author_info":{"display_name":"Mario Gir\u00f3n","author_link":"https:\/\/contextoanalisisperiodistico.com\/index.php\/author\/director\/"},"category_info":"<a href=\"https:\/\/contextoanalisisperiodistico.com\/index.php\/category\/ciudad\/\" rel=\"category tag\">Ciudad<\/a>","tag_info":"Ciudad","comment_count":"0","jetpack_featured_media_url":"","_links":{"self":[{"href":"https:\/\/contextoanalisisperiodistico.com\/index.php\/wp-json\/wp\/v2\/posts\/9517"}],"collection":[{"href":"https:\/\/contextoanalisisperiodistico.com\/index.php\/wp-json\/wp\/v2\/posts"}],"about":[{"href":"https:\/\/contextoanalisisperiodistico.com\/index.php\/wp-json\/wp\/v2\/types\/post"}],"author":[{"embeddable":true,"href":"https:\/\/contextoanalisisperiodistico.com\/index.php\/wp-json\/wp\/v2\/users\/4"}],"replies":[{"embeddable":true,"href":"https:\/\/contextoanalisisperiodistico.com\/index.php\/wp-json\/wp\/v2\/comments?post=9517"}],"version-history":[{"count":0,"href":"https:\/\/contextoanalisisperiodistico.com\/index.php\/wp-json\/wp\/v2\/posts\/9517\/revisions"}],"wp:attachment":[{"href":"https:\/\/contextoanalisisperiodistico.com\/index.php\/wp-json\/wp\/v2\/media?parent=9517"}],"wp:term":[{"taxonomy":"category","embeddable":true,"href":"https:\/\/contextoanalisisperiodistico.com\/index.php\/wp-json\/wp\/v2\/categories?post=9517"},{"taxonomy":"post_tag","embeddable":true,"href":"https:\/\/contextoanalisisperiodistico.com\/index.php\/wp-json\/wp\/v2\/tags?post=9517"}],"curies":[{"name":"wp","href":"https:\/\/api.w.org\/{rel}","templated":true}]}}