{"id":9510,"date":"2023-03-01T20:19:10","date_gmt":"2023-03-02T02:19:10","guid":{"rendered":"https:\/\/contextoanalisisperiodistico.com\/?p=9510"},"modified":"2023-03-01T20:19:16","modified_gmt":"2023-03-02T02:19:16","slug":"la-alhondiga-de-antequera-nueva-sede-del-taller-de-artes-plasticas-rufino-tamayo","status":"publish","type":"post","link":"https:\/\/contextoanalisisperiodistico.com\/index.php\/2023\/03\/01\/la-alhondiga-de-antequera-nueva-sede-del-taller-de-artes-plasticas-rufino-tamayo\/","title":{"rendered":"La Alh\u00f3ndiga de Antequera, nueva sede del Taller de Artes Pl\u00e1sticas \u201cRufino Tamayo\u201d"},"content":{"rendered":"<div id=\"fb-root\"><\/div>\n\n<p>\u2022 El edificio hist\u00f3rico ubicado en la calle de Aldama en el centro de la capital albergar\u00e1 la instituci\u00f3n que desde hace 49 a\u00f1os se dedica a la formaci\u00f3n de artistas<\/p>\n\n\n\n<p>Oaxaca de Ju\u00e1rez, Oax. 01 de marzo de 2023.- Desde hace 49 a\u00f1os el Taller de Artes Pl\u00e1sticas \u201cRufino Tamayo\u201d ha formado a generaciones de artistas poniendo el desarrollo de las expresiones gr\u00e1ficas al alcance de la juventud de la ciudad de Oaxaca y diversos municipios.<\/p>\n\n\n\n<p>A partir de ahora las y los maestros ofrecen sus talleres en el edificio hist\u00f3rico de la Alh\u00f3ndiga de Antequera, uno de los sitios arquitect\u00f3nicos m\u00e1s importantes de la capital.<\/p>\n\n\n\n<p>Cabe destacar que el inmueble de la Real Alh\u00f3ndiga data de 1753, era una instituci\u00f3n municipal que aseguraba el acceso a los granos b\u00e1sicos para la poblaci\u00f3n de la ciudad, y fue comprada por el ayuntamiento a los descendientes de Hern\u00e1n Cort\u00e9s y construida en lo que eran las ruinas de la casa del Marqu\u00e9s del Valle de Oaxaca.<\/p>\n\n\n\n<p>En 1894 el Gobierno del Estado compr\u00f3 el inmueble para que el Ayuntamiento tuviera ingresos y construir el Mercado \u201cPorfirio D\u00edaz\u201d, hoy \u201cBenito Ju\u00e1rez\u201d, y en 1903 se remodel\u00f3 para servir como Comisar\u00eda de Polic\u00eda.<\/p>\n\n\n\n<p>Hoy es un inmueble restaurado y rehabilitado por el Gobierno del Estado, que a trav\u00e9s de la Secretar\u00eda de las Culturas y Artes pone la oferta cultural de la entidad, al alcance de toda la poblaci\u00f3n.<\/p>\n\n\n\n<p>El taller de artes pl\u00e1sticas \u201cRufino Tamayo\u201d abri\u00f3 sus puertas el 15 de febrero de 1975, en una vieja casona ubicada en la calle de Murgu\u00eda n\u00famero 306 esquina con Avenida Ju\u00e1rez en el centro de la ciudad de Oaxaca; dirigido por Roberto Donis, impulsado por el maestro Francisco Toledo y mayormente promovido por el universal artista oaxaque\u00f1o Rufino Tamayo.<\/p>\n\n\n\n<p>La inquietud de maestras y maestros de la escuela de Bellas Artes de la Universidad Aut\u00f3noma Benito Ju\u00e1rez de Oaxaca (UABJO) propici\u00f3 el funcionamiento de este espacio que sigue vigente.<\/p>\n\n\n\n<p>Este espacio dirigido por el maestro Enrique Gij\u00f3n, se ha dedicado a la formaci\u00f3n y profesionalizaci\u00f3n art\u00edstica de j\u00f3venes y personas adultas bajo las premisas de ser un espacio libre y abierto a la experimentaci\u00f3n, pero con un rigor t\u00e9cnico muy elevado.<\/p>\n\n\n\n<p>Actualmente se imparten de forma trimestral talleres de dibujo, cer\u00e1mica, escultura, pintura, grabado y litograf\u00eda. Peri\u00f3dicamente se programan cursos de especializaci\u00f3n con artistas invitados.<\/p>\n\n\n\n<p>Para diversificar la oferta cultural en municipios de la entidad, el taller abri\u00f3 sedes alternativas donde se ofrecen clases: Macuilx\u00f3chitl de Artigas Carranza, Santa Catarina Juquila, Santa Mar\u00eda Atzompa, Trinidad de Viguera, Santa Luc\u00eda del Camino, San Sebasti\u00e1n Tutla, Jalapa del Marqu\u00e9s, Santiago Zanatepec, Villa de Zaachila, Yanhuitl\u00e1n, Santos Reyes Nopala, Villa de Mitla, San Baltazar Chichic\u00e1pam y Ocotl\u00e1n de Morelos.<\/p>\n\n\n\n<p>A la par de las actividades en la sede de la Ciudad de Oaxaca y los municipios mencionados, las y los maestros del taller ofrecen clases gratuitas a ni\u00f1as y ni\u00f1os en el Z\u00f3calo de la Ciudad.<\/p>\n\n\n\n<p>Estas actividades surgieron tras la recuperaci\u00f3n de la plaza principal de la ciudad, donde la Secretar\u00eda de las Culturas y Artes, a trav\u00e9s del Taller de Artes Pl\u00e1sticas \u201cRufino Tamayo\u201d, promueve la convivencia pac\u00edfica como parte del Nuevo Pacto Social que impulsa el gobierno de Salom\u00f3n Jara Cruz.<\/p>\n\n\n\n<p>Ni\u00f1as y ni\u00f1os, as\u00ed como personas de todas las edades han tenido acercamientos al arte desde el coraz\u00f3n de la ciudad, con el acompa\u00f1amiento profesional de las y los maestros del taller.<\/p>\n\n\n\n<p>Una de las misiones que el Taller ha asumido desde su formaci\u00f3n, es el mejorar entornos sociales y cambiar la perspectiva, erradicando la violencia y plantando la semilla del arte.<\/p>\n\n\n\n<figure class=\"wp-block-image size-large\"><img decoding=\"async\" src=\"https:\/\/contextoanalisisperiodistico.com\/wp-content\/uploads\/2023\/03\/img-20230301-wa0138112660065303939234-1024x586.jpg\" alt=\"\" class=\"wp-image-9513\"\/><\/figure>\n\n\n\n<figure class=\"wp-block-image\"><img decoding=\"async\" src=\"https:\/\/contextoanalisisperiodistico.com\/wp-content\/uploads\/2023\/03\/img-20230301-wa0137951829830706758321-1024x522.jpg\" alt=\"\" class=\"wp-image-9512\"\/><\/figure>\n","protected":false},"excerpt":{"rendered":"<p>\u2022 El edificio hist\u00f3rico ubicado en la calle de Aldama en el centro de la&#8230;<\/p>\n","protected":false},"author":4,"featured_media":0,"comment_status":"open","ping_status":"open","sticky":false,"template":"","format":"standard","meta":{"footnotes":""},"categories":[4],"tags":[],"jetpack_sharing_enabled":true,"featured_image_urls":{"full":"","thumbnail":"","medium":"","medium_large":"","large":"","1536x1536":"","2048x2048":"","covernews-slider-full":"","covernews-slider-center":"","covernews-featured":"","covernews-medium":"","covernews-medium-square":""},"author_info":{"display_name":"Mario Gir\u00f3n","author_link":"https:\/\/contextoanalisisperiodistico.com\/index.php\/author\/director\/"},"category_info":"<a href=\"https:\/\/contextoanalisisperiodistico.com\/index.php\/category\/cultura\/\" rel=\"category tag\">Cultura<\/a>","tag_info":"Cultura","comment_count":"0","jetpack_featured_media_url":"","_links":{"self":[{"href":"https:\/\/contextoanalisisperiodistico.com\/index.php\/wp-json\/wp\/v2\/posts\/9510"}],"collection":[{"href":"https:\/\/contextoanalisisperiodistico.com\/index.php\/wp-json\/wp\/v2\/posts"}],"about":[{"href":"https:\/\/contextoanalisisperiodistico.com\/index.php\/wp-json\/wp\/v2\/types\/post"}],"author":[{"embeddable":true,"href":"https:\/\/contextoanalisisperiodistico.com\/index.php\/wp-json\/wp\/v2\/users\/4"}],"replies":[{"embeddable":true,"href":"https:\/\/contextoanalisisperiodistico.com\/index.php\/wp-json\/wp\/v2\/comments?post=9510"}],"version-history":[{"count":1,"href":"https:\/\/contextoanalisisperiodistico.com\/index.php\/wp-json\/wp\/v2\/posts\/9510\/revisions"}],"predecessor-version":[{"id":9514,"href":"https:\/\/contextoanalisisperiodistico.com\/index.php\/wp-json\/wp\/v2\/posts\/9510\/revisions\/9514"}],"wp:attachment":[{"href":"https:\/\/contextoanalisisperiodistico.com\/index.php\/wp-json\/wp\/v2\/media?parent=9510"}],"wp:term":[{"taxonomy":"category","embeddable":true,"href":"https:\/\/contextoanalisisperiodistico.com\/index.php\/wp-json\/wp\/v2\/categories?post=9510"},{"taxonomy":"post_tag","embeddable":true,"href":"https:\/\/contextoanalisisperiodistico.com\/index.php\/wp-json\/wp\/v2\/tags?post=9510"}],"curies":[{"name":"wp","href":"https:\/\/api.w.org\/{rel}","templated":true}]}}