{"id":9494,"date":"2023-03-01T15:58:52","date_gmt":"2023-03-01T21:58:52","guid":{"rendered":"https:\/\/contextoanalisisperiodistico.com\/?p=9494"},"modified":"2023-03-01T15:59:51","modified_gmt":"2023-03-01T21:59:51","slug":"comunicado-municipal-de-prensa","status":"publish","type":"post","link":"https:\/\/contextoanalisisperiodistico.com\/index.php\/2023\/03\/01\/comunicado-municipal-de-prensa\/","title":{"rendered":"Comunicado municipal de Prensa"},"content":{"rendered":"<div id=\"fb-root\"><\/div>\n\n<p>&nbsp;<\/p>\n\n\n\n<p>Con relaci\u00f3n a la sustracci\u00f3n de diversos veh\u00edculos del encierro vehicular&nbsp;\u201cPrimavera\u201d, perteneciente al municipio de Oaxaca de Ju\u00e1rez, la autoridad&nbsp;municipal hace las siguientes aclaraciones:<\/p>\n\n\n\n<p><br>Desde el momento que el presidente municipal, Francisco Mart\u00ednez Neri,\u00a0tuvo conocimiento de las irregularidades ocurridas en el encierro vehicular\u00a0municipal, instruy\u00f3 al Consejero Jur\u00eddico, Dagoberto Carre\u00f1o Gopar y a la\u00a0S\u00edndica Primera, Nancy Belem Mota Figueroa, iniciaran, de manera inmediata,\u00a0los procedimientos necesarios ante el \u00d3rgano Interno de Control Municipal,\u00a0as\u00ed como ante la Fiscal\u00eda General del Estado de Oaxaca. <\/p>\n\n\n\n<p>Como resultado\u00a0de estas acciones, el \u00d3rgano de Control Interno Municipal realiza actualmente\u00a0las investigaciones inherentes a sus facultades y, por otra parte, la S\u00edndica\u00a0Municipal interpuso ante la Fiscal\u00eda General del Estado de Oaxaca (FGEO)\u00a0la denuncia penal correspondiente.<\/p>\n\n\n\n<p><br>En raz\u00f3n a esto, y para no interferir en las investigaciones, el Presidente<br>municipal determin\u00f3 que fueran separados de sus cargos quienes ten\u00edan\u00a0bajo su responsabilidad los bienes sustra\u00eddos. <\/p>\n\n\n\n<p>Hasta el d\u00eda de hoy, cuatro\u00a0personas presentaron su renuncia voluntaria y dos fueron separados de su\u00a0cargo, sin perjuicio de los resultados de los procedimientos administrativos\u00a0o penales.<\/p>\n\n\n\n<p>Como ha sido la pol\u00edtica de transparencia del municipio de Oaxaca de<br>Ju\u00e1rez, mantendremos informada a la sociedad sobre este y todos los<br>casos de inter\u00e9s p\u00fablico.<\/p>\n\n\n\n<p>\u00a0<strong>Presidencia Municipal<\/strong><\/p>\n","protected":false},"excerpt":{"rendered":"<p>&nbsp; Con relaci\u00f3n a la sustracci\u00f3n de diversos veh\u00edculos del encierro vehicular&nbsp;\u201cPrimavera\u201d, perteneciente al municipio&#8230;<\/p>\n","protected":false},"author":4,"featured_media":0,"comment_status":"open","ping_status":"open","sticky":false,"template":"","format":"standard","meta":{"footnotes":""},"categories":[3],"tags":[15,26],"jetpack_sharing_enabled":true,"featured_image_urls":{"full":"","thumbnail":"","medium":"","medium_large":"","large":"","1536x1536":"","2048x2048":"","covernews-slider-full":"","covernews-slider-center":"","covernews-featured":"","covernews-medium":"","covernews-medium-square":""},"author_info":{"display_name":"Mario Gir\u00f3n","author_link":"https:\/\/contextoanalisisperiodistico.com\/index.php\/author\/director\/"},"category_info":"<a href=\"https:\/\/contextoanalisisperiodistico.com\/index.php\/category\/ciudad\/\" rel=\"category tag\">Ciudad<\/a>","tag_info":"Ciudad","comment_count":"0","jetpack_featured_media_url":"","_links":{"self":[{"href":"https:\/\/contextoanalisisperiodistico.com\/index.php\/wp-json\/wp\/v2\/posts\/9494"}],"collection":[{"href":"https:\/\/contextoanalisisperiodistico.com\/index.php\/wp-json\/wp\/v2\/posts"}],"about":[{"href":"https:\/\/contextoanalisisperiodistico.com\/index.php\/wp-json\/wp\/v2\/types\/post"}],"author":[{"embeddable":true,"href":"https:\/\/contextoanalisisperiodistico.com\/index.php\/wp-json\/wp\/v2\/users\/4"}],"replies":[{"embeddable":true,"href":"https:\/\/contextoanalisisperiodistico.com\/index.php\/wp-json\/wp\/v2\/comments?post=9494"}],"version-history":[{"count":1,"href":"https:\/\/contextoanalisisperiodistico.com\/index.php\/wp-json\/wp\/v2\/posts\/9494\/revisions"}],"predecessor-version":[{"id":9496,"href":"https:\/\/contextoanalisisperiodistico.com\/index.php\/wp-json\/wp\/v2\/posts\/9494\/revisions\/9496"}],"wp:attachment":[{"href":"https:\/\/contextoanalisisperiodistico.com\/index.php\/wp-json\/wp\/v2\/media?parent=9494"}],"wp:term":[{"taxonomy":"category","embeddable":true,"href":"https:\/\/contextoanalisisperiodistico.com\/index.php\/wp-json\/wp\/v2\/categories?post=9494"},{"taxonomy":"post_tag","embeddable":true,"href":"https:\/\/contextoanalisisperiodistico.com\/index.php\/wp-json\/wp\/v2\/tags?post=9494"}],"curies":[{"name":"wp","href":"https:\/\/api.w.org\/{rel}","templated":true}]}}