{"id":9486,"date":"2023-03-01T14:42:59","date_gmt":"2023-03-01T20:42:59","guid":{"rendered":"https:\/\/contextoanalisisperiodistico.com\/?p=9486"},"modified":"2023-03-01T14:43:31","modified_gmt":"2023-03-01T20:43:31","slug":"prioriza-gobierno-de-oaxaca-el-dialogo-para-atender-demandas-de-habitantes-de-santiago-xiacui","status":"publish","type":"post","link":"https:\/\/contextoanalisisperiodistico.com\/index.php\/2023\/03\/01\/prioriza-gobierno-de-oaxaca-el-dialogo-para-atender-demandas-de-habitantes-de-santiago-xiacui\/","title":{"rendered":"Prioriza Gobierno de Oaxaca el dialogo para atender demandas de habitantes de Santiago Xiacu\u00ed"},"content":{"rendered":"<div id=\"fb-root\"><\/div>\n\n<p>\u2022 El Gobierno del Estado no entregar\u00e1 recursos a grupos pol\u00edticos o de presi\u00f3n por encima de la ley y de las asambleas comunitarias<\/p>\n\n\n\n<p>\u2022 A las personas inconformes de Santiago Xiacu\u00ed, se les ha propuesto un di\u00e1logo p\u00fablico, transparente y legal<\/p>\n\n\n\n<p>Oaxaca de Ju\u00e1rez, Oax., 1 de marzo de 2023.- El Gobierno del Estado, a trav\u00e9s de la Secretar\u00eda de Gobierno, inform\u00f3 que se encuentra abierto al di\u00e1logo con habitantes de Santiago Xiacu\u00ed, para atender de manera justa, legal y transparente, sus demandas.<\/p>\n\n\n\n<p>El secretario de Gobierno, Jes\u00fas Romero L\u00f3pez dijo que ha mantenido un di\u00e1logo abierto y respetuoso con la comunidad, por lo que la protesta de un grupo de pobladores de Xiacu\u00ed a las afueras del Palacio de Gobierno, obedece a la exigencia de recursos que se encuentran fuera del marco de la ley.<\/p>\n\n\n\n<p>Expres\u00f3 que, la negativa del Comisionado Municipal a ceder recursos p\u00fablicos a grupos pol\u00edticos, es lo que motiva la manifestaci\u00f3n en Palacio de Gobierno para exigir su salida.<\/p>\n\n\n\n<p>El responsable de la Pol\u00edtica Interna detall\u00f3 que se les ha propuesto un di\u00e1logo p\u00fablico, con la participaci\u00f3n de las agencias y medios de comunicaci\u00f3n para actuar en transparencia y en total legalidad.<\/p>\n\n\n\n<p>Destac\u00f3 que el Gobierno del Estado no entregar\u00e1 recursos a grupos pol\u00edticos o de presi\u00f3n por encima de las asambleas comunitarias y de los preceptos de ley.<\/p>\n\n\n\n<p>Pese a la apertura y disposici\u00f3n que mantiene el Gobierno de Oaxaca, los habitantes se niegan a dialogar y liberar al personal que labora en Palacio de Gobierno.<\/p>\n\n\n\n<p>Romero L\u00f3pez precis\u00f3 que los mecanismos de presi\u00f3n que pongan en riesgo o limiten la movilidad de las y los trabajadores no ser\u00e1n permitidos.<\/p>\n\n\n\n<p>Por lo que convoc\u00f3 de nueva cuenta a los manifestantes de Santiago Xiacu\u00ed a respetar la legalidad, la movilidad y libre tr\u00e1nsito de las personas, y que se apeguen a los lineamientos legales correspondientes.<\/p>\n\n\n\n<p>-0-<\/p>\n","protected":false},"excerpt":{"rendered":"<p>\u2022 El Gobierno del Estado no entregar\u00e1 recursos a grupos pol\u00edticos o de presi\u00f3n por&#8230;<\/p>\n","protected":false},"author":4,"featured_media":0,"comment_status":"open","ping_status":"open","sticky":false,"template":"","format":"standard","meta":{"footnotes":""},"categories":[9],"tags":[],"jetpack_sharing_enabled":true,"featured_image_urls":{"full":"","thumbnail":"","medium":"","medium_large":"","large":"","1536x1536":"","2048x2048":"","covernews-slider-full":"","covernews-slider-center":"","covernews-featured":"","covernews-medium":"","covernews-medium-square":""},"author_info":{"display_name":"Mario Gir\u00f3n","author_link":"https:\/\/contextoanalisisperiodistico.com\/index.php\/author\/director\/"},"category_info":"<a href=\"https:\/\/contextoanalisisperiodistico.com\/index.php\/category\/politica\/\" rel=\"category tag\">Pol\u00edtica<\/a>","tag_info":"Pol\u00edtica","comment_count":"0","jetpack_featured_media_url":"","_links":{"self":[{"href":"https:\/\/contextoanalisisperiodistico.com\/index.php\/wp-json\/wp\/v2\/posts\/9486"}],"collection":[{"href":"https:\/\/contextoanalisisperiodistico.com\/index.php\/wp-json\/wp\/v2\/posts"}],"about":[{"href":"https:\/\/contextoanalisisperiodistico.com\/index.php\/wp-json\/wp\/v2\/types\/post"}],"author":[{"embeddable":true,"href":"https:\/\/contextoanalisisperiodistico.com\/index.php\/wp-json\/wp\/v2\/users\/4"}],"replies":[{"embeddable":true,"href":"https:\/\/contextoanalisisperiodistico.com\/index.php\/wp-json\/wp\/v2\/comments?post=9486"}],"version-history":[{"count":1,"href":"https:\/\/contextoanalisisperiodistico.com\/index.php\/wp-json\/wp\/v2\/posts\/9486\/revisions"}],"predecessor-version":[{"id":9488,"href":"https:\/\/contextoanalisisperiodistico.com\/index.php\/wp-json\/wp\/v2\/posts\/9486\/revisions\/9488"}],"wp:attachment":[{"href":"https:\/\/contextoanalisisperiodistico.com\/index.php\/wp-json\/wp\/v2\/media?parent=9486"}],"wp:term":[{"taxonomy":"category","embeddable":true,"href":"https:\/\/contextoanalisisperiodistico.com\/index.php\/wp-json\/wp\/v2\/categories?post=9486"},{"taxonomy":"post_tag","embeddable":true,"href":"https:\/\/contextoanalisisperiodistico.com\/index.php\/wp-json\/wp\/v2\/tags?post=9486"}],"curies":[{"name":"wp","href":"https:\/\/api.w.org\/{rel}","templated":true}]}}