{"id":9469,"date":"2023-02-28T21:50:00","date_gmt":"2023-03-01T03:50:00","guid":{"rendered":"https:\/\/contextoanalisisperiodistico.com\/?p=9469"},"modified":"2023-02-28T21:50:30","modified_gmt":"2023-03-01T03:50:30","slug":"policia-municipal-detiene-a-persona-que-presuntamente-asalta-al-aplicar-la-llave-china","status":"publish","type":"post","link":"https:\/\/contextoanalisisperiodistico.com\/index.php\/2023\/02\/28\/policia-municipal-detiene-a-persona-que-presuntamente-asalta-al-aplicar-la-llave-china\/","title":{"rendered":"Polic\u00eda Municipal detiene a persona que presuntamente asalta al aplicar la llave china"},"content":{"rendered":"<div id=\"fb-root\"><\/div>\n\n<p>Polic\u00edas municipales, realizaron la detenci\u00f3n de una persona que ha sido denunciada en las redes sociales de cometer robos aplicando la llave china con uno o dos c\u00f3mplices.<\/p>\n\n\n\n<p>El jefe de la polic\u00eda, Ra\u00fal \u00c1vila Ibarra, dio a conocer que la detenci\u00f3n de quien dijo llamarse Marco Antonio, de 35 a\u00f1os de edad, ocurri\u00f3 esta tarde en la zona de m\u00f3dulos del Mercado de Abasto.<\/p>\n\n\n\n<p>Los polic\u00edas realizaban recorridos de vigilancia en el pasillo del M\u00f3dulo L cuando observaron a una persona en actitud evasiva, quien al tenerlos a corta distancia comenz\u00f3 a insultarlos.<\/p>\n\n\n\n<p>Pese a que fue invitado a que se calmara, sigui\u00f3 con su actitud agresiva, as\u00ed como uno de los comerciantes lo se\u00f1al\u00f3 de dedicarse al robo al aplicar la llave china.<\/p>\n\n\n\n<p>Los polic\u00edas le solicitaron autorizaci\u00f3n para practicarle una inspecci\u00f3n, pero se comport\u00f3 m\u00e1s agresivo y se fue a golpes sobre un elemento, quien logr\u00f3 esquivarlo.<\/p>\n\n\n\n<p>Finalmente fue controlado y presentado ante el Juez Municipal, as\u00ed como luego fue consignado a la Fiscal\u00eda General del Estado como presunto responsable del delito de resistencia de particulares.<\/p>\n\n\n\n<p>El detenido cuenta con 6 ingresos a los separos municipales por diversas faltas administrativas, as\u00ed como el 01 de febrero pasado, fue detenido en el centro de la ciudad como presunto responsable del delito de robo calificado y lesiones.<\/p>\n","protected":false},"excerpt":{"rendered":"<p>Polic\u00edas municipales, realizaron la detenci\u00f3n de una persona que ha sido denunciada en las redes&#8230;<\/p>\n","protected":false},"author":4,"featured_media":0,"comment_status":"open","ping_status":"open","sticky":false,"template":"","format":"standard","meta":{"footnotes":""},"categories":[10],"tags":[],"jetpack_sharing_enabled":true,"featured_image_urls":{"full":"","thumbnail":"","medium":"","medium_large":"","large":"","1536x1536":"","2048x2048":"","covernews-slider-full":"","covernews-slider-center":"","covernews-featured":"","covernews-medium":"","covernews-medium-square":""},"author_info":{"display_name":"Mario Gir\u00f3n","author_link":"https:\/\/contextoanalisisperiodistico.com\/index.php\/author\/director\/"},"category_info":"<a href=\"https:\/\/contextoanalisisperiodistico.com\/index.php\/category\/seguridad\/\" rel=\"category tag\">Seguridad<\/a>","tag_info":"Seguridad","comment_count":"0","jetpack_featured_media_url":"","_links":{"self":[{"href":"https:\/\/contextoanalisisperiodistico.com\/index.php\/wp-json\/wp\/v2\/posts\/9469"}],"collection":[{"href":"https:\/\/contextoanalisisperiodistico.com\/index.php\/wp-json\/wp\/v2\/posts"}],"about":[{"href":"https:\/\/contextoanalisisperiodistico.com\/index.php\/wp-json\/wp\/v2\/types\/post"}],"author":[{"embeddable":true,"href":"https:\/\/contextoanalisisperiodistico.com\/index.php\/wp-json\/wp\/v2\/users\/4"}],"replies":[{"embeddable":true,"href":"https:\/\/contextoanalisisperiodistico.com\/index.php\/wp-json\/wp\/v2\/comments?post=9469"}],"version-history":[{"count":2,"href":"https:\/\/contextoanalisisperiodistico.com\/index.php\/wp-json\/wp\/v2\/posts\/9469\/revisions"}],"predecessor-version":[{"id":9472,"href":"https:\/\/contextoanalisisperiodistico.com\/index.php\/wp-json\/wp\/v2\/posts\/9469\/revisions\/9472"}],"wp:attachment":[{"href":"https:\/\/contextoanalisisperiodistico.com\/index.php\/wp-json\/wp\/v2\/media?parent=9469"}],"wp:term":[{"taxonomy":"category","embeddable":true,"href":"https:\/\/contextoanalisisperiodistico.com\/index.php\/wp-json\/wp\/v2\/categories?post=9469"},{"taxonomy":"post_tag","embeddable":true,"href":"https:\/\/contextoanalisisperiodistico.com\/index.php\/wp-json\/wp\/v2\/tags?post=9469"}],"curies":[{"name":"wp","href":"https:\/\/api.w.org\/{rel}","templated":true}]}}