{"id":9457,"date":"2023-02-28T21:19:50","date_gmt":"2023-03-01T03:19:50","guid":{"rendered":"https:\/\/contextoanalisisperiodistico.com\/?p=9457"},"modified":"2023-02-28T21:19:55","modified_gmt":"2023-03-01T03:19:55","slug":"ninas-ninos-y-adolescentes-son-una-prioridad-del-gobierno-para-transformar-a-oaxaca-salomon-jara","status":"publish","type":"post","link":"https:\/\/contextoanalisisperiodistico.com\/index.php\/2023\/02\/28\/ninas-ninos-y-adolescentes-son-una-prioridad-del-gobierno-para-transformar-a-oaxaca-salomon-jara\/","title":{"rendered":"Ni\u00f1as, ni\u00f1os y adolescentes son una prioridad del Gobierno para transformar a Oaxaca: Salom\u00f3n Jara"},"content":{"rendered":"<div id=\"fb-root\"><\/div>\n\n<p>\u2022 El Gobernador del Estado presidi\u00f3 la Instalaci\u00f3n del Consejo T\u00e9cnico de Adopciones<\/p>\n\n\n\n<p>Santa Luc\u00eda del Camino, Oax., 28 de febrero de 2023.- El Gobierno de Oaxaca recalc\u00f3 su compromiso con los principios a favor de la ni\u00f1ez, al concretar la instalaci\u00f3n del Consejo T\u00e9cnico de Adopciones del Sistema para el Desarrollo Integral de la Familia (DIF) Estatal.<\/p>\n\n\n\n<p>Al encabezar la Sesi\u00f3n de Instalaci\u00f3n de este organismo, el titular del Poder Ejecutivo, Salom\u00f3n Jara Cruz asegur\u00f3 que priorizar el bienestar de las ni\u00f1as, ni\u00f1os y adolescentes es la v\u00eda para lograr una sociedad justa, pr\u00f3spera e incluyente.<\/p>\n\n\n\n<p>En presencia de la Presidenta Honoraria del DIF Oaxaca, Irma Bola\u00f1os Quijano, el Mandatario presidi\u00f3 la instalaci\u00f3n del Consejo encargado de analizar y determinar la idoneidad de los solicitantes de adopci\u00f3n y realizar las asignaciones correspondientes de las ni\u00f1as, ni\u00f1os y adolescentes.<\/p>\n\n\n\n<p>Jara Cruz nombr\u00f3 como presidenta del Consejo a Maribel Graciela Salinas Velasco, Directora General del Sistema DIF Oaxaca y como secretaria T\u00e9cnica a Yarib Hern\u00e1ndez Garc\u00eda, encargada de Despacho de la Procuradur\u00eda Estatal de Protecci\u00f3n de los Derechos de Ni\u00f1as, Ni\u00f1os y Adolescentes del Estado de Oaxaca.<\/p>\n\n\n\n<p>Este organismo tiene la responsabilidad de cumplir con el eje transversal de gobierno enfocado a garantizar la vigencia del Inter\u00e9s Superior de Ni\u00f1as, Ni\u00f1as y Adolescentes que se encuentran en situaci\u00f3n de desamparo.<\/p>\n\n\n\n<p>Adem\u00e1s, tiene el compromiso \u00e9tico, moral y legal de garantizar la custodia, el cuidado, la protecci\u00f3n y salvaguarda de la integridad, la dignidad y el derecho a un proyecto de vida libre de violencia para las infancias y adolescencias carentes de cuidados parentales.<\/p>\n\n\n\n<p>El titular de la Gubernatura celebr\u00f3 que el Consejo se integre de manera multidisciplinaria e intersectorial, con la participaci\u00f3n directa del Tribunal Superior de Justicia del Estado, lo que brinda confianza y certeza a quienes aspiran a construir v\u00ednculos familiares con personas en situaci\u00f3n de desventaja y contribuir a su derecho a vivir, crecer y desarrollarse en un entorno de confianza, seguridad y cari\u00f1o.<\/p>\n\n\n\n<p>Convoc\u00f3 a revisar, con detalle, las historias de vida y los expedientes como si se tratara de un caso personal o familiar, sin escatimar ni restar importancia al m\u00ednimo detalle, derivado de los estudios de sicolog\u00eda y de trabajo social practicado a los solicitantes, ya sean nacionales o extranjeros.<\/p>\n\n\n\n<p>Solicit\u00f3 al Consejo que sus determinaciones sean siempre pensando en el futuro y el bienestar de cada ni\u00f1a, ni\u00f1o y adolescente, ya que asignar una nueva familia a quienes han sufrido abandono o han perdido a sus seres queridos, es mucho m\u00e1s que un tr\u00e1mite burocr\u00e1tico y un simple procedimiento legal, porque se trata de brindar una nueva oportunidad a quienes lo han perdido todo.<\/p>\n\n\n\n<p>Tambi\u00e9n, los exhort\u00f3 a garantizar en sus determinaciones los principios de no discriminaci\u00f3n, igualdad, interculturalidad y subsidiariedad, para que las personas menores sean otorgadas en adopci\u00f3n dentro de su lugar o comunidad de origen y del territorio nacional; tutela plena e igualitaria y la restituci\u00f3n del derecho de la ni\u00f1ez a desarrollarse de manera integral en el seno de una familia.<\/p>\n\n\n\n<p>Integran al Consejo T\u00e9cnico de Adopciones las secretar\u00edas de Honestidad, Transparencia y Funci\u00f3n P\u00fablica; Tequio e Inclusi\u00f3n; Finanzas, Salud, de las Mujeres, de las Culturas y Artes, de Desarrollo Econ\u00f3mico, de Educaci\u00f3n P\u00fablica; la Secretar\u00eda Ejecutiva del Sistema Local de Protecci\u00f3n Integral de los Derechos de Ni\u00f1as, Ni\u00f1os y Adolescentes; la Procuradur\u00eda Estatal de Protecci\u00f3n de los Derechos de Ni\u00f1as, Ni\u00f1os y Adolescentes del Estado de Oaxaca, magistradas y magistrados del Tribunal Superior de Justicia del Estado, as\u00ed como m\u00e9dicos, sic\u00f3logos y trabajadores sociales.<\/p>\n\n\n\n<p>-0-<\/p>\n\n\n\n<figure class=\"wp-block-image size-large\"><img decoding=\"async\" src=\"https:\/\/contextoanalisisperiodistico.com\/wp-content\/uploads\/2023\/02\/img-20230228-wa01122321551106892336966-1024x682.jpg\" alt=\"\" class=\"wp-image-9460\"\/><\/figure>\n\n\n\n<figure class=\"wp-block-image\"><img decoding=\"async\" src=\"https:\/\/contextoanalisisperiodistico.com\/wp-content\/uploads\/2023\/02\/img-20230228-wa01134839819655834284463-1024x623.jpg\" alt=\"\" class=\"wp-image-9461\"\/><\/figure>\n","protected":false},"excerpt":{"rendered":"<p>\u2022 El Gobernador del Estado presidi\u00f3 la Instalaci\u00f3n del Consejo T\u00e9cnico de Adopciones Santa Luc\u00eda&#8230;<\/p>\n","protected":false},"author":4,"featured_media":0,"comment_status":"open","ping_status":"open","sticky":false,"template":"","format":"standard","meta":{"footnotes":""},"categories":[3],"tags":[],"jetpack_sharing_enabled":true,"featured_image_urls":{"full":"","thumbnail":"","medium":"","medium_large":"","large":"","1536x1536":"","2048x2048":"","covernews-slider-full":"","covernews-slider-center":"","covernews-featured":"","covernews-medium":"","covernews-medium-square":""},"author_info":{"display_name":"Mario Gir\u00f3n","author_link":"https:\/\/contextoanalisisperiodistico.com\/index.php\/author\/director\/"},"category_info":"<a href=\"https:\/\/contextoanalisisperiodistico.com\/index.php\/category\/ciudad\/\" rel=\"category tag\">Ciudad<\/a>","tag_info":"Ciudad","comment_count":"0","jetpack_featured_media_url":"","_links":{"self":[{"href":"https:\/\/contextoanalisisperiodistico.com\/index.php\/wp-json\/wp\/v2\/posts\/9457"}],"collection":[{"href":"https:\/\/contextoanalisisperiodistico.com\/index.php\/wp-json\/wp\/v2\/posts"}],"about":[{"href":"https:\/\/contextoanalisisperiodistico.com\/index.php\/wp-json\/wp\/v2\/types\/post"}],"author":[{"embeddable":true,"href":"https:\/\/contextoanalisisperiodistico.com\/index.php\/wp-json\/wp\/v2\/users\/4"}],"replies":[{"embeddable":true,"href":"https:\/\/contextoanalisisperiodistico.com\/index.php\/wp-json\/wp\/v2\/comments?post=9457"}],"version-history":[{"count":2,"href":"https:\/\/contextoanalisisperiodistico.com\/index.php\/wp-json\/wp\/v2\/posts\/9457\/revisions"}],"predecessor-version":[{"id":9462,"href":"https:\/\/contextoanalisisperiodistico.com\/index.php\/wp-json\/wp\/v2\/posts\/9457\/revisions\/9462"}],"wp:attachment":[{"href":"https:\/\/contextoanalisisperiodistico.com\/index.php\/wp-json\/wp\/v2\/media?parent=9457"}],"wp:term":[{"taxonomy":"category","embeddable":true,"href":"https:\/\/contextoanalisisperiodistico.com\/index.php\/wp-json\/wp\/v2\/categories?post=9457"},{"taxonomy":"post_tag","embeddable":true,"href":"https:\/\/contextoanalisisperiodistico.com\/index.php\/wp-json\/wp\/v2\/tags?post=9457"}],"curies":[{"name":"wp","href":"https:\/\/api.w.org\/{rel}","templated":true}]}}