{"id":9451,"date":"2023-02-28T20:04:23","date_gmt":"2023-03-01T02:04:23","guid":{"rendered":"https:\/\/contextoanalisisperiodistico.com\/?p=9451"},"modified":"2023-02-28T20:04:34","modified_gmt":"2023-03-01T02:04:34","slug":"refrendan-gobierno-del-estado-y-federal-compromiso-con-personas-adultas-mayores","status":"publish","type":"post","link":"https:\/\/contextoanalisisperiodistico.com\/index.php\/2023\/02\/28\/refrendan-gobierno-del-estado-y-federal-compromiso-con-personas-adultas-mayores\/","title":{"rendered":"Refrendan Gobierno del Estado y Federal compromiso con personas adultas mayores"},"content":{"rendered":"<div id=\"fb-root\"><\/div>\n\n<p>\u2022 Con un aumento de 25%, este a\u00f1o recibir\u00e1n bimestralmente 4 mil 809 pesos, en reconocimiento a su trabajo en la construcci\u00f3n del pa\u00eds<\/p>\n\n\n\n<p><br>\u2022 Se ha beneficiado a 400 mil personas adultas mayores en la entidad<\/p>\n\n\n\n<figure class=\"wp-block-image size-large\"><img decoding=\"async\" src=\"https:\/\/contextoanalisisperiodistico.com\/wp-content\/uploads\/2023\/02\/img-20230228-wa00993558963631689226462-1024x683.jpg\" alt=\"\" class=\"wp-image-9454\"\/><\/figure>\n\n\n\n<figure class=\"wp-block-image\"><img decoding=\"async\" src=\"https:\/\/contextoanalisisperiodistico.com\/wp-content\/uploads\/2023\/02\/img-20230228-wa01011889221210604531808-1024x683.jpg\" alt=\"\" class=\"wp-image-9455\"\/><\/figure>\n\n\n\n<p>Oaxaca de Ju\u00e1rez, Oax. 28 de febrero de 2023. El Gobernador del Estado Salom\u00f3n Jara Cruz, en compa\u00f1\u00eda de la Presidenta Honoraria del Sistema para el Desarrollo Integral de la Familia (DIF) en Oaxaca, Irma Bola\u00f1os Quijano, y de la secretaria de Bienestar del Gobierno de M\u00e9xico, Ariadna Montiel realizaron la entrega de tarjetas para las personas de la tercera edad beneficiarias de la Pensi\u00f3n Universal para Personas Adultas Mayores.<\/p>\n\n\n\n<p>A la fecha, este programa ha beneficiado a 400 mil personas adultas mayores en la entidad oaxaque\u00f1a, quienes ahora reciben bimestralmente 4 mil 809 pesos.<\/p>\n\n\n\n<p>De esta forma, se reconoce y agradece el trabajo y esfuerzo de las personas de edad avanzada que han construido el pa\u00eds. En tanto que, en la entidad, se contribuye a contrarrestar el abandono que este sector de la poblaci\u00f3n ha sufrido por parte de los gobiernos anteriores.<\/p>\n\n\n\n<p>En su intervenci\u00f3n, el Gobernador Salom\u00f3n Jara Cruz, se\u00f1al\u00f3 al p\u00fablico asistente que el Presidente L\u00f3pez Obrador cumpli\u00f3 con la promesa realizada el 21 de marzo del a\u00f1o 2021 en el municipio de Guelatao, en donde se comprometi\u00f3 a incrementar en 25% el apoyo econ\u00f3mico para las personas de la tercera edad.<\/p>\n\n\n\n<p>Del mismo modo, el Mandatario estatal reiter\u00f3 su compromiso de continuar trabajando arduamente por el bienestar de todas y todos, as\u00ed como de no defraudar la confianza que el pueblo ha depositado en \u00e9l.<\/p>\n\n\n\n<p>Por su parte, la titular de la secretar\u00eda de Bienestar del Gobierno Federal, Ariadna Montiel expres\u00f3 que la pensi\u00f3n que se otorga a las personas adultas mayores, no es una d\u00e1diva, ni una beca, es una pensi\u00f3n permanente para toda la poblaci\u00f3n de la tercera edad, por el trabajo incansable que han realizado durante tantos a\u00f1os, as\u00ed se hayan empleado formalmente o se hayan dedicado a las labores del campo.<\/p>\n\n\n\n<p>\u201cEs un esfuerzo grande de inversi\u00f3n social, porque si ahora existen estos recursos, es porque el gobierno actual trabaja con honestidad, austeridad y combate a la corrupci\u00f3n\u201d, destac\u00f3.<\/p>\n\n\n\n<p>En el acto de entrega de Tarjetas Bienestar se cont\u00f3 con la presencia de Laura Estrada Mauro, titular de la Secretar\u00eda de Bienestar, Tequio e Inclusi\u00f3n; Nancy Ortiz Cabrera, delegada Estatal de Programas para el Bienestar del Estado de Oaxaca; y Francisco Mart\u00ednez Neri, presidente municipal de Oaxaca de Ju\u00e1rez.<\/p>\n\n\n\n<p>-0-<\/p>\n","protected":false},"excerpt":{"rendered":"<p>\u2022 Con un aumento de 25%, este a\u00f1o recibir\u00e1n bimestralmente 4 mil 809 pesos, en&#8230;<\/p>\n","protected":false},"author":4,"featured_media":0,"comment_status":"open","ping_status":"open","sticky":false,"template":"","format":"standard","meta":{"footnotes":""},"categories":[9],"tags":[],"jetpack_sharing_enabled":true,"featured_image_urls":{"full":"","thumbnail":"","medium":"","medium_large":"","large":"","1536x1536":"","2048x2048":"","covernews-slider-full":"","covernews-slider-center":"","covernews-featured":"","covernews-medium":"","covernews-medium-square":""},"author_info":{"display_name":"Mario Gir\u00f3n","author_link":"https:\/\/contextoanalisisperiodistico.com\/index.php\/author\/director\/"},"category_info":"<a href=\"https:\/\/contextoanalisisperiodistico.com\/index.php\/category\/politica\/\" rel=\"category tag\">Pol\u00edtica<\/a>","tag_info":"Pol\u00edtica","comment_count":"0","jetpack_featured_media_url":"","_links":{"self":[{"href":"https:\/\/contextoanalisisperiodistico.com\/index.php\/wp-json\/wp\/v2\/posts\/9451"}],"collection":[{"href":"https:\/\/contextoanalisisperiodistico.com\/index.php\/wp-json\/wp\/v2\/posts"}],"about":[{"href":"https:\/\/contextoanalisisperiodistico.com\/index.php\/wp-json\/wp\/v2\/types\/post"}],"author":[{"embeddable":true,"href":"https:\/\/contextoanalisisperiodistico.com\/index.php\/wp-json\/wp\/v2\/users\/4"}],"replies":[{"embeddable":true,"href":"https:\/\/contextoanalisisperiodistico.com\/index.php\/wp-json\/wp\/v2\/comments?post=9451"}],"version-history":[{"count":2,"href":"https:\/\/contextoanalisisperiodistico.com\/index.php\/wp-json\/wp\/v2\/posts\/9451\/revisions"}],"predecessor-version":[{"id":9456,"href":"https:\/\/contextoanalisisperiodistico.com\/index.php\/wp-json\/wp\/v2\/posts\/9451\/revisions\/9456"}],"wp:attachment":[{"href":"https:\/\/contextoanalisisperiodistico.com\/index.php\/wp-json\/wp\/v2\/media?parent=9451"}],"wp:term":[{"taxonomy":"category","embeddable":true,"href":"https:\/\/contextoanalisisperiodistico.com\/index.php\/wp-json\/wp\/v2\/categories?post=9451"},{"taxonomy":"post_tag","embeddable":true,"href":"https:\/\/contextoanalisisperiodistico.com\/index.php\/wp-json\/wp\/v2\/tags?post=9451"}],"curies":[{"name":"wp","href":"https:\/\/api.w.org\/{rel}","templated":true}]}}