{"id":9398,"date":"2023-02-28T12:45:36","date_gmt":"2023-02-28T18:45:36","guid":{"rendered":"https:\/\/contextoanalisisperiodistico.com\/?p=9398"},"modified":"2023-02-28T12:59:41","modified_gmt":"2023-02-28T18:59:41","slug":"hicieron-valer-el-respeto-al-derecho-leyes-y-reglamentos","status":"publish","type":"post","link":"https:\/\/contextoanalisisperiodistico.com\/index.php\/2023\/02\/28\/hicieron-valer-el-respeto-al-derecho-leyes-y-reglamentos\/","title":{"rendered":"Hicieron valer el respeto al derecho, leyes y reglamentos"},"content":{"rendered":"<div id=\"fb-root\"><\/div>\n\n<p>\u00a1Muy bien equipo muy bien!\u2026 \u00a1muy bien equipo muy bien!\u2026<br>(<em>) Aplausos aplausos aplausos <\/em>(*) Se impidi\u00f3 que, Lorena Merino y seguidores triquis, se instalar\u00e1n nuevamente a vender en el corredor del palacio de gobierno<\/p>\n\n\n\n<p>(*) \u00bfQui\u00e9n o quienes siguen?<\/p>\n\n\n\n<p><em>(*)\u00bfNormalistas? <\/em><\/p>\n\n\n\n<p>(*) En Oaxa no se respeta No es respetado el apotegma de Don Benito Ju\u00e1rez: \u00abEl respeto al derecho ajeno es la paz\u00bb<\/p>\n\n\n\n<p><br \/>(*) Es tiempo de hacerlo valer<\/p>\n\n\n\n<p>Nadie, absolutamente nadie, por encima de la ley;<br>todos moros o todos cristianos. <\/p>\n\n\n\n<figure class=\"wp-block-video\"><video controls src=\"https:\/\/contextoanalisisperiodistico.com\/wp-content\/uploads\/2023\/02\/332978943_594062156070572_4970022408224016548_n.mp4\"><\/video><\/figure>\n\n\n\n<p>Mario GIR\u00d3N <\/p>\n\n\n\n<p>No es represi\u00f3n. Se trata de imponer orden y respeto a leyes y reglamentos.<br \/>El jard\u00edn de la Constituci\u00f3n y el corredor del palacio es de todos.<br \/>De ahora en adelante, ese debe ser el comportamiento de la autoridad. Velar por los derechos legales de oaxaque\u00f1os y visitantes.<br \/>\u00bfQui\u00e9n o qui\u00e9nes siguen?<br \/>\u00bfLos normamalistas secuestradores de las calles Armenta y L\u00f3pez y Guerrero. Tambi\u00e9n haciendo de las suyas, secuestrando autobuses del transporte urbano y bloqueando el derecho a la libre circulaci\u00f3n vehicular en la ciudad?<\/p>\n\n\n\n<p>La se\u00f1ora Merino y su gente ya ganaron suficiente dinero en m\u00e1s de 12 a\u00f1os. Es hora que se retiren, como los jugadores profesionales de casino. Hora de que se marchen con la bolsa de dinero de los oaxaque\u00f1os, obtenido, en complicidad con los anteriores jefes del Ejecutivo.<\/p>\n\n\n\n<p>Hora, de dejar en paz a capitalinos, leyes y reglamentos. <\/p>\n\n\n\n<figure class=\"wp-block-video\"><video controls src=\"https:\/\/contextoanalisisperiodistico.com\/wp-content\/uploads\/2023\/02\/333162677_716531106799702_5466385857076455429_n.mp4\"><\/video><\/figure>\n","protected":false},"excerpt":{"rendered":"<p>\u00a1Muy bien equipo muy bien!\u2026 \u00a1muy bien equipo muy bien!\u2026() Aplausos aplausos aplausos (*) Se&#8230;<\/p>\n","protected":false},"author":4,"featured_media":0,"comment_status":"open","ping_status":"open","sticky":false,"template":"","format":"standard","meta":{"footnotes":""},"categories":[9],"tags":[17,19,27,28,29,31],"jetpack_sharing_enabled":true,"featured_image_urls":{"full":"","thumbnail":"","medium":"","medium_large":"","large":"","1536x1536":"","2048x2048":"","covernews-slider-full":"","covernews-slider-center":"","covernews-featured":"","covernews-medium":"","covernews-medium-square":""},"author_info":{"display_name":"Mario Gir\u00f3n","author_link":"https:\/\/contextoanalisisperiodistico.com\/index.php\/author\/director\/"},"category_info":"<a href=\"https:\/\/contextoanalisisperiodistico.com\/index.php\/category\/politica\/\" rel=\"category tag\">Pol\u00edtica<\/a>","tag_info":"Pol\u00edtica","comment_count":"0","jetpack_featured_media_url":"","_links":{"self":[{"href":"https:\/\/contextoanalisisperiodistico.com\/index.php\/wp-json\/wp\/v2\/posts\/9398"}],"collection":[{"href":"https:\/\/contextoanalisisperiodistico.com\/index.php\/wp-json\/wp\/v2\/posts"}],"about":[{"href":"https:\/\/contextoanalisisperiodistico.com\/index.php\/wp-json\/wp\/v2\/types\/post"}],"author":[{"embeddable":true,"href":"https:\/\/contextoanalisisperiodistico.com\/index.php\/wp-json\/wp\/v2\/users\/4"}],"replies":[{"embeddable":true,"href":"https:\/\/contextoanalisisperiodistico.com\/index.php\/wp-json\/wp\/v2\/comments?post=9398"}],"version-history":[{"count":4,"href":"https:\/\/contextoanalisisperiodistico.com\/index.php\/wp-json\/wp\/v2\/posts\/9398\/revisions"}],"predecessor-version":[{"id":9405,"href":"https:\/\/contextoanalisisperiodistico.com\/index.php\/wp-json\/wp\/v2\/posts\/9398\/revisions\/9405"}],"wp:attachment":[{"href":"https:\/\/contextoanalisisperiodistico.com\/index.php\/wp-json\/wp\/v2\/media?parent=9398"}],"wp:term":[{"taxonomy":"category","embeddable":true,"href":"https:\/\/contextoanalisisperiodistico.com\/index.php\/wp-json\/wp\/v2\/categories?post=9398"},{"taxonomy":"post_tag","embeddable":true,"href":"https:\/\/contextoanalisisperiodistico.com\/index.php\/wp-json\/wp\/v2\/tags?post=9398"}],"curies":[{"name":"wp","href":"https:\/\/api.w.org\/{rel}","templated":true}]}}