{"id":9392,"date":"2023-02-28T10:10:46","date_gmt":"2023-02-28T16:10:46","guid":{"rendered":"https:\/\/contextoanalisisperiodistico.com\/?p=9392"},"modified":"2023-04-15T09:20:25","modified_gmt":"2023-04-15T15:20:25","slug":"felicita-luis-alfonso-silva-romo-a-gobierno-por-estrategia-para-fortalecer-la-seguridad","status":"publish","type":"post","link":"https:\/\/contextoanalisisperiodistico.com\/index.php\/2023\/02\/28\/felicita-luis-alfonso-silva-romo-a-gobierno-por-estrategia-para-fortalecer-la-seguridad\/","title":{"rendered":"Felicita Luis Alfonso Silva Romo a gobierno por estrategia para fortalecer la seguridad"},"content":{"rendered":"<div id=\"fb-root\"><\/div>\n\n<p><strong>Oaxaca de Ju\u00e1rez, Oax. 28 de febrero de 2023.-<\/strong>&nbsp;El Diputado Luis Alfonso Silva Romo, presidente de la Junta de Coordinaci\u00f3n Pol\u00edtica (Jucopo) del Congreso de Oaxaca, &nbsp;acompa\u00f1\u00f3 al gobernador Salom\u00f3n Jara Cruz en el evento de entrega de 150 nuevas patrullas a las corporaciones estatales de seguridad p\u00fablica.<\/p>\n\n\n\n<p>Al atestiguar la entrega de la primera flota de veh\u00edculos, llevada a cabo en el z\u00f3calo de la ciudad de Oaxaca, Luis Alfonso Silva Romo reconoci\u00f3 estas acciones que permitir\u00e1n a los elementos de seguridad el fortalecimiento de sus funciones en beneficio de la seguridad y la paz de la ciudadan\u00eda.<\/p>\n\n\n\n<p>\u00abReconocemos y felicitamos la gran labor de los elementos de las corporaciones estatales, quienes trabajan para brindar seguridad en Oaxaca\u00bb, manifest\u00f3.<\/p>\n\n\n\n<p>Inform\u00f3 que la entrega del parque vehicular forma parte de la primera etapa del proyecto que da cumplimiento a la Estrategia Nacional de Seguridad P\u00fablica, en la que se prioriza a las y los ciudadanos. Esta estrategia, adem\u00e1s, representa mejoras en las condiciones laborales y proporciona herramientas indispensables de trabajo de las y los agentes policiacos.<br><\/p>\n\n\n\n<figure class=\"wp-block-image size-large\"><img decoding=\"async\" src=\"https:\/\/contextoanalisisperiodistico.com\/wp-content\/uploads\/2023\/02\/foto2-felicita-luis-alfonso-silva-romo-a-gobierno-por-estrategia-para-fortalecer-la-seguridad9103018795208696019.-1024x683.jpg\" alt=\"\" class=\"wp-image-9396\"\/><\/figure>\n\n\n\n<figure class=\"wp-block-image\"><img decoding=\"async\" src=\"https:\/\/contextoanalisisperiodistico.com\/wp-content\/uploads\/2023\/02\/foto1-felicita-luis-alfonso-silva-romo-a-gobierno-por-estrategia-para-fortalecer-la-seguridad8950661561634094121.-1024x683.jpg\" alt=\"\" class=\"wp-image-9395\"\/><\/figure>\n","protected":false},"excerpt":{"rendered":"<p>Oaxaca de Ju\u00e1rez, Oax. 28 de febrero de 2023.-&nbsp;El Diputado Luis Alfonso Silva Romo, presidente&#8230;<\/p>\n","protected":false},"author":4,"featured_media":11840,"comment_status":"open","ping_status":"open","sticky":false,"template":"","format":"standard","meta":{"footnotes":""},"categories":[6],"tags":[],"jetpack_sharing_enabled":true,"featured_image_urls":{"full":["https:\/\/contextoanalisisperiodistico.com\/wp-content\/uploads\/2023\/04\/foto2-felicita-luis-alfonso-silva-romo-a-gobierno-por-estrategia-para-fortalecer-la-seguridad9103018795208696019.-2048x1365-1.jpg",2048,1365,false],"thumbnail":["https:\/\/contextoanalisisperiodistico.com\/wp-content\/uploads\/2023\/04\/foto2-felicita-luis-alfonso-silva-romo-a-gobierno-por-estrategia-para-fortalecer-la-seguridad9103018795208696019.-2048x1365-1-150x150.jpg",150,150,true],"medium":["https:\/\/contextoanalisisperiodistico.com\/wp-content\/uploads\/2023\/04\/foto2-felicita-luis-alfonso-silva-romo-a-gobierno-por-estrategia-para-fortalecer-la-seguridad9103018795208696019.-2048x1365-1-300x200.jpg",300,200,true],"medium_large":["https:\/\/contextoanalisisperiodistico.com\/wp-content\/uploads\/2023\/04\/foto2-felicita-luis-alfonso-silva-romo-a-gobierno-por-estrategia-para-fortalecer-la-seguridad9103018795208696019.-2048x1365-1-768x512.jpg",640,427,true],"large":["https:\/\/contextoanalisisperiodistico.com\/wp-content\/uploads\/2023\/04\/foto2-felicita-luis-alfonso-silva-romo-a-gobierno-por-estrategia-para-fortalecer-la-seguridad9103018795208696019.-2048x1365-1-1024x683.jpg",640,427,true],"1536x1536":["https:\/\/contextoanalisisperiodistico.com\/wp-content\/uploads\/2023\/04\/foto2-felicita-luis-alfonso-silva-romo-a-gobierno-por-estrategia-para-fortalecer-la-seguridad9103018795208696019.-2048x1365-1-1536x1024.jpg",1536,1024,true],"2048x2048":["https:\/\/contextoanalisisperiodistico.com\/wp-content\/uploads\/2023\/04\/foto2-felicita-luis-alfonso-silva-romo-a-gobierno-por-estrategia-para-fortalecer-la-seguridad9103018795208696019.-2048x1365-1.jpg",2048,1365,false],"covernews-slider-full":["https:\/\/contextoanalisisperiodistico.com\/wp-content\/uploads\/2023\/04\/foto2-felicita-luis-alfonso-silva-romo-a-gobierno-por-estrategia-para-fortalecer-la-seguridad9103018795208696019.-2048x1365-1-1115x715.jpg",1115,715,true],"covernews-slider-center":["https:\/\/contextoanalisisperiodistico.com\/wp-content\/uploads\/2023\/04\/foto2-felicita-luis-alfonso-silva-romo-a-gobierno-por-estrategia-para-fortalecer-la-seguridad9103018795208696019.-2048x1365-1-800x500.jpg",800,500,true],"covernews-featured":["https:\/\/contextoanalisisperiodistico.com\/wp-content\/uploads\/2023\/04\/foto2-felicita-luis-alfonso-silva-romo-a-gobierno-por-estrategia-para-fortalecer-la-seguridad9103018795208696019.-2048x1365-1-1024x683.jpg",1024,683,true],"covernews-medium":["https:\/\/contextoanalisisperiodistico.com\/wp-content\/uploads\/2023\/04\/foto2-felicita-luis-alfonso-silva-romo-a-gobierno-por-estrategia-para-fortalecer-la-seguridad9103018795208696019.-2048x1365-1-540x340.jpg",540,340,true],"covernews-medium-square":["https:\/\/contextoanalisisperiodistico.com\/wp-content\/uploads\/2023\/04\/foto2-felicita-luis-alfonso-silva-romo-a-gobierno-por-estrategia-para-fortalecer-la-seguridad9103018795208696019.-2048x1365-1-400x250.jpg",400,250,true]},"author_info":{"display_name":"Mario Gir\u00f3n","author_link":"https:\/\/contextoanalisisperiodistico.com\/index.php\/author\/director\/"},"category_info":"<a href=\"https:\/\/contextoanalisisperiodistico.com\/index.php\/category\/legislatura\/\" rel=\"category tag\">Legislatura<\/a>","tag_info":"Legislatura","comment_count":"0","jetpack_featured_media_url":"https:\/\/contextoanalisisperiodistico.com\/wp-content\/uploads\/2023\/04\/foto2-felicita-luis-alfonso-silva-romo-a-gobierno-por-estrategia-para-fortalecer-la-seguridad9103018795208696019.-2048x1365-1.jpg","_links":{"self":[{"href":"https:\/\/contextoanalisisperiodistico.com\/index.php\/wp-json\/wp\/v2\/posts\/9392"}],"collection":[{"href":"https:\/\/contextoanalisisperiodistico.com\/index.php\/wp-json\/wp\/v2\/posts"}],"about":[{"href":"https:\/\/contextoanalisisperiodistico.com\/index.php\/wp-json\/wp\/v2\/types\/post"}],"author":[{"embeddable":true,"href":"https:\/\/contextoanalisisperiodistico.com\/index.php\/wp-json\/wp\/v2\/users\/4"}],"replies":[{"embeddable":true,"href":"https:\/\/contextoanalisisperiodistico.com\/index.php\/wp-json\/wp\/v2\/comments?post=9392"}],"version-history":[{"count":3,"href":"https:\/\/contextoanalisisperiodistico.com\/index.php\/wp-json\/wp\/v2\/posts\/9392\/revisions"}],"predecessor-version":[{"id":11842,"href":"https:\/\/contextoanalisisperiodistico.com\/index.php\/wp-json\/wp\/v2\/posts\/9392\/revisions\/11842"}],"wp:featuredmedia":[{"embeddable":true,"href":"https:\/\/contextoanalisisperiodistico.com\/index.php\/wp-json\/wp\/v2\/media\/11840"}],"wp:attachment":[{"href":"https:\/\/contextoanalisisperiodistico.com\/index.php\/wp-json\/wp\/v2\/media?parent=9392"}],"wp:term":[{"taxonomy":"category","embeddable":true,"href":"https:\/\/contextoanalisisperiodistico.com\/index.php\/wp-json\/wp\/v2\/categories?post=9392"},{"taxonomy":"post_tag","embeddable":true,"href":"https:\/\/contextoanalisisperiodistico.com\/index.php\/wp-json\/wp\/v2\/tags?post=9392"}],"curies":[{"name":"wp","href":"https:\/\/api.w.org\/{rel}","templated":true}]}}