{"id":9353,"date":"2023-02-27T21:43:54","date_gmt":"2023-02-28T03:43:54","guid":{"rendered":"https:\/\/contextoanalisisperiodistico.com\/?p=9353"},"modified":"2023-02-27T21:44:00","modified_gmt":"2023-02-28T03:44:00","slug":"gobierno-de-salomon-jara-fortalece-la-seguridadde-las-y-los-oaxaquenos-con-150-nuevas-patrullas","status":"publish","type":"post","link":"https:\/\/contextoanalisisperiodistico.com\/index.php\/2023\/02\/27\/gobierno-de-salomon-jara-fortalece-la-seguridadde-las-y-los-oaxaquenos-con-150-nuevas-patrullas\/","title":{"rendered":"Gobierno de Salom\u00f3n Jara fortalece la seguridad<br>de las y los oaxaque\u00f1os con 150 nuevas patrullas"},"content":{"rendered":"<div id=\"fb-root\"><\/div>\n\n<p>\u2022 Con una inversi\u00f3n de 75 millones de pesos entreg\u00f3 una primera flota de veh\u00edculos para dar respuesta a la ciudadan\u00eda y reforzar las acciones de combate a la delincuencia en las ocho regiones del estado<\/p>\n\n\n\n<p>\u2022 Con m\u00e1s patrullas se mejora la seguridad y se fortalece la prevenci\u00f3n y persecuci\u00f3n de la delincuencia en tareas coordinadas con la Guardia Nacional, el Ej\u00e9rcito y las polic\u00edas municipales<\/p>\n\n\n\n<p>Oaxaca de Ju\u00e1rez, Oax. 27 de febrero de 2023.- El Gobernador de Oaxaca Salom\u00f3n Jara Cruz entreg\u00f3 a las corporaciones de seguridad p\u00fablica 150 patrullas nuevas, que tuvieron una inversi\u00f3n de 75 millones de pesos, para dar respuesta a la demanda ciudadana y combatir de manera m\u00e1s eficaz a la delincuencia en las ocho regiones.<\/p>\n\n\n\n<p>Anunci\u00f3 que se redoblar\u00e1n los esfuerzos para dar resultados de manera inmediata, \u201cno podemos esperar mucho tiempo, la seguridad es una de las pol\u00edticas primordiales de nuestro Gobierno\u201d porque es una de las principales demandas de la ciudadan\u00eda.<\/p>\n\n\n\n<p>El Gobernador encabez\u00f3 el acto de Fortalecimiento del Parque Vehicular del Sistema Estatal de Seguridad P\u00fablica en el Z\u00f3calo de la ciudad, donde desfilaron las nuevas patrullas, y convoc\u00f3 al gabinete de seguridad a dar resultados de manera inmediata a las y los oaxaque\u00f1os.<\/p>\n\n\n\n<p>Estas unidades constituyen la primera entrega de un paquete de 212 veh\u00edculos con el objetivo de cumplir la estrategia nacional de Seguridad P\u00fablica y fortalecer las capacidades operativas de las polic\u00edas y de las instituciones de procuraci\u00f3n de justicia de Oaxaca.<\/p>\n\n\n\n<p>Con esta flotilla los polic\u00edas cuentan con equipamiento para realizar sus funciones primordiales de respuesta a la delincuencia, la prevenci\u00f3n de delitos, los servicios de vigilancia y operativos especiales.<\/p>\n\n\n\n<p>Jara Cruz dijo que se cumplen los programas estrat\u00e9gicos de servicio, proximidad policiaca, reducci\u00f3n en los tiempos de respuesta y mayor presencia de unidades policiales en las regiones.<\/p>\n\n\n\n<p>Explic\u00f3 que se tendr\u00e1n camionetas pick up y doble cabina equipadas, as\u00ed como motocicletas para hacer recorridos de vigilancia y operativos de seguridad conjuntos con la Guardia Nacional, la Secretar\u00eda de la Defensa Nacional y las polic\u00edas municipales y, adem\u00e1s, se contar\u00e1 con veh\u00edculos sed\u00e1n para mejorar la operatividad del personal en la investigaci\u00f3n y persecuci\u00f3n de delitos dentro y fuera de la ciudad.<\/p>\n\n\n\n<p>\u201cCon esto queremos decirle a la ciudadan\u00eda que estamos trabajando de manera intensa y coordinada con la Federaci\u00f3n y la Guardia Nacional, que estamos utilizando los recursos p\u00fablicos de manera responsable para fortalecer las capacidades del Estado contra la delincuencia\u201d, recalc\u00f3.<\/p>\n\n\n\n<p>Esta acci\u00f3n es parte del Eje transversal Un Nuevo Pacto Social para la convivencia pac\u00edfica y segura, as\u00ed como de las pol\u00edticas del fomento a la cultura de paz, la seguridad, la legalidad y la gobernabilidad.<\/p>\n\n\n\n<p>Por su parte, la secretaria Ejecutiva del Sistema Estatal de Seguridad P\u00fablica, (SESESP), Karina Bar\u00f3n, destac\u00f3 a su vez, que en Oaxaca se transforman las instituciones de seguridad p\u00fablica y procuraci\u00f3n de justicia que durante a\u00f1os han carecido de condiciones dignas para el desempe\u00f1o a sus labores.<\/p>\n\n\n\n<p>Esta administraci\u00f3n, dijo, recibi\u00f3 corporaciones de seguridad en el abandono: sin equipamiento, sin veh\u00edculos, sin condiciones dignas para el personal, incluso, sin certificaci\u00f3n policial, y en este Gobierno se va a cambiar esta situaci\u00f3n fortaleci\u00e9ndolas, dot\u00e1ndolas de herramientas y garantizando su profesionalizaci\u00f3n.<\/p>\n\n\n\n<p>El gobierno de Salom\u00f3n Jara ha demostrado que esta es una de sus prioridades, con el incremento en la participaci\u00f3n estatal en el Fondo de Aportaciones para la Seguridad P\u00fablica llev\u00e1ndolo de 25% que es el m\u00ednimo por ley, a 40%, siendo el \u00fanico estado en todo el sur de M\u00e9xico en invertir as\u00ed en este Fondo.<\/p>\n\n\n\n<p>La segunda entrega de veh\u00edculos se destinar\u00e1 a la Fiscal\u00eda General del Estado y a la seguridad municipal para mejorar el patrullaje reactivo, preventivo y las funciones de investigaci\u00f3n o penitenciarias. \u201cVamos a transformar la historia de Oaxaca, de un pueblo saqueado y despojado, a uno que se organiza y se fortalece diariamente, con la participaci\u00f3n de todas y todos\u201d, recalc\u00f3.<\/p>\n\n\n\n<p>En su oportunidad, el secretario de Seguridad y Protecci\u00f3n Ciudadana, Iv\u00e1n Garc\u00eda \u00c1lvarez expuso que para la transformaci\u00f3n de Oaxaca es necesario salvaguardar la integridad f\u00edsica y patrimonial de las y los oaxaque\u00f1os con el compromiso de las instituciones.<\/p>\n\n\n\n<p>Las patrullas, agreg\u00f3, eran una necesidad apremiante de la Polic\u00eda Estatal, y esta inversi\u00f3n es el resultado del compromiso del Estado y la Federaci\u00f3n, reflejado en la inversi\u00f3n al Fondo de Aportaciones para la Seguridad P\u00fablica (FASP), que este a\u00f1o se increment\u00f3 gracias a la voluntad pol\u00edtica del gobernador Salom\u00f3n Jara Cruz.<\/p>\n\n\n\n<p>Con las patrullas nuevas se mejora el tiempo de respuesta, la atenci\u00f3n y prevenci\u00f3n de delitos, y se abona al cumplimiento de los objetivos para fortalecer los programas estrat\u00e9gicos de servicio, proximidad policial y se incrementa la presencia de los cuerpos de seguridad en todo el estado.<\/p>\n\n\n\n<p>En su intervenci\u00f3n, el Fiscal General del Estado de Oaxaca, Bernardo Rodr\u00edguez Alamilla indic\u00f3 que existe una coyuntura hist\u00f3rica para atender de manera integral la problem\u00e1tica desde la parte preventiva y estructural, y atender el fen\u00f3meno en las familias, en las relaciones entre hombres y mujeres, las condiciones econ\u00f3micas, laborales y de salud.<\/p>\n\n\n\n<p>Asimismo, destac\u00f3 la importancia de dignificar las condiciones laborales de los elementos de las corporaciones policiacas, que de manera hist\u00f3rica y discriminatoria fueron abandonadas y abandonados.<\/p>\n\n\n\n<p>En el evento estuvieron presentes Eduardo Pinacho S\u00e1nchez, presidente del Tribunal Superior de Justicia del Estado; Luis Alfonso Silva Romo, diputado Presidente de la Junta de Coordinaci\u00f3n Pol\u00edtica del Congreso; Porfirio Garc\u00eda Bello, de la Fiscal\u00eda General de la Rep\u00fablica; Jos\u00e9 Carlos Fuentes, representante de la Secretar\u00eda de Gobernaci\u00f3n; y Jos\u00e9 Miguel Rosas Garc\u00eda, representante del Almirante Octavio Trejo de la 14\u00aa Regi\u00f3n Militar.<\/p>\n\n\n\n<p>-0-<\/p>\n\n\n\n<figure class=\"wp-block-image size-large\"><img decoding=\"async\" src=\"https:\/\/contextoanalisisperiodistico.com\/wp-content\/uploads\/2023\/02\/img-20230227-wa01153467736726165120953.jpg\" alt=\"\" class=\"wp-image-9357\"\/><\/figure>\n\n\n\n<figure class=\"wp-block-image\"><img decoding=\"async\" src=\"https:\/\/contextoanalisisperiodistico.com\/wp-content\/uploads\/2023\/02\/img-20230227-wa01161015742968649472572-300x200.jpg\" alt=\"\" class=\"wp-image-9356\"\/><\/figure>\n\n\n\n<figure class=\"wp-block-image\"><img decoding=\"async\" src=\"https:\/\/contextoanalisisperiodistico.com\/wp-content\/uploads\/2023\/02\/img-20230227-wa01205887627857386999475-300x200.jpg\" alt=\"\" class=\"wp-image-9358\"\/><\/figure>\n","protected":false},"excerpt":{"rendered":"<p>\u2022 Con una inversi\u00f3n de 75 millones de pesos entreg\u00f3 una primera flota de veh\u00edculos&#8230;<\/p>\n","protected":false},"author":4,"featured_media":0,"comment_status":"open","ping_status":"open","sticky":false,"template":"","format":"standard","meta":{"footnotes":""},"categories":[9],"tags":[],"jetpack_sharing_enabled":true,"featured_image_urls":{"full":"","thumbnail":"","medium":"","medium_large":"","large":"","1536x1536":"","2048x2048":"","covernews-slider-full":"","covernews-slider-center":"","covernews-featured":"","covernews-medium":"","covernews-medium-square":""},"author_info":{"display_name":"Mario Gir\u00f3n","author_link":"https:\/\/contextoanalisisperiodistico.com\/index.php\/author\/director\/"},"category_info":"<a href=\"https:\/\/contextoanalisisperiodistico.com\/index.php\/category\/politica\/\" rel=\"category tag\">Pol\u00edtica<\/a>","tag_info":"Pol\u00edtica","comment_count":"0","jetpack_featured_media_url":"","_links":{"self":[{"href":"https:\/\/contextoanalisisperiodistico.com\/index.php\/wp-json\/wp\/v2\/posts\/9353"}],"collection":[{"href":"https:\/\/contextoanalisisperiodistico.com\/index.php\/wp-json\/wp\/v2\/posts"}],"about":[{"href":"https:\/\/contextoanalisisperiodistico.com\/index.php\/wp-json\/wp\/v2\/types\/post"}],"author":[{"embeddable":true,"href":"https:\/\/contextoanalisisperiodistico.com\/index.php\/wp-json\/wp\/v2\/users\/4"}],"replies":[{"embeddable":true,"href":"https:\/\/contextoanalisisperiodistico.com\/index.php\/wp-json\/wp\/v2\/comments?post=9353"}],"version-history":[{"count":2,"href":"https:\/\/contextoanalisisperiodistico.com\/index.php\/wp-json\/wp\/v2\/posts\/9353\/revisions"}],"predecessor-version":[{"id":9359,"href":"https:\/\/contextoanalisisperiodistico.com\/index.php\/wp-json\/wp\/v2\/posts\/9353\/revisions\/9359"}],"wp:attachment":[{"href":"https:\/\/contextoanalisisperiodistico.com\/index.php\/wp-json\/wp\/v2\/media?parent=9353"}],"wp:term":[{"taxonomy":"category","embeddable":true,"href":"https:\/\/contextoanalisisperiodistico.com\/index.php\/wp-json\/wp\/v2\/categories?post=9353"},{"taxonomy":"post_tag","embeddable":true,"href":"https:\/\/contextoanalisisperiodistico.com\/index.php\/wp-json\/wp\/v2\/tags?post=9353"}],"curies":[{"name":"wp","href":"https:\/\/api.w.org\/{rel}","templated":true}]}}