{"id":9320,"date":"2023-02-27T16:59:55","date_gmt":"2023-02-27T22:59:55","guid":{"rendered":"https:\/\/contextoanalisisperiodistico.com\/?p=9320"},"modified":"2023-02-27T17:00:00","modified_gmt":"2023-02-27T23:00:00","slug":"en-marcha-la-estrategia-nacionalde-seguridad-publica-en-oaxaca","status":"publish","type":"post","link":"https:\/\/contextoanalisisperiodistico.com\/index.php\/2023\/02\/27\/en-marcha-la-estrategia-nacionalde-seguridad-publica-en-oaxaca\/","title":{"rendered":"En marcha la Estrategia Nacional<br>de Seguridad P\u00fablica en Oaxaca"},"content":{"rendered":"<div id=\"fb-root\"><\/div>\n\n<p>(*) Gobernador Salom\u00f3n Jara entrega a la SSP parque vehicular\u00a0 de 150 patrullas para fortalecer la funci\u00f3n policial<\/p>\n\n\n\n<p>El gobernador Salom\u00f3n Jara Cruz encabez\u00f3 la entrega de un parque vehicular de 150 unidades que fortalecer\u00e1n la funci\u00f3n policial de la SSP Oax. Representa una inversi\u00f3n de 75 mdp y forma parte de la 1era etapa del proyecto que da cumplimiento a la Estrategia Nacional de Seguridad P\u00fablica.<\/p>\n\n\n\n<p>Asimismo, el Gobernador efectu\u00f3 la entrega de las llaves de las unidades de motor a las y los elementos de las corporaciones estatales, para posteriormente realizar el banderazo de salida de los veh\u00edculos.<\/p>\n\n\n\n<p>El Ejecutivo Estatal expres\u00f3 que la #PrimaveraOaxaque\u00f1a trabaja intensamente y de manera coordinada con la Federaci\u00f3n, aplicando los recursos de manera responsable para fortalecer la seguridad a nivel estatal.<\/p>\n\n\n\n<p>Participaron en este evento la titular del Secretariado Ejecutivo del Sistema Estatal de Seguridad P\u00fablica, Karina Bar\u00f3n, el secretario de Seguridad y Protecci\u00f3n Ciudadana, Ivan Garc\u00eda \u00c1lvarez, as\u00ed como funcionarias y funcionarios del Gobierno Estatal.<\/p>\n\n\n\n<figure class=\"wp-block-image size-large\"><img decoding=\"async\" src=\"https:\/\/contextoanalisisperiodistico.com\/wp-content\/uploads\/2023\/02\/fb_img_16775381534813719079790601983306.jpg\" alt=\"\" class=\"wp-image-9323\"\/><\/figure>\n\n\n\n<figure class=\"wp-block-image\"><img decoding=\"async\" src=\"https:\/\/contextoanalisisperiodistico.com\/wp-content\/uploads\/2023\/02\/fb_img_16775381429341589211769389329122-300x200.jpg\" alt=\"\" class=\"wp-image-9324\"\/><\/figure>\n\n\n\n<figure class=\"wp-block-image\"><img decoding=\"async\" src=\"https:\/\/contextoanalisisperiodistico.com\/wp-content\/uploads\/2023\/02\/fb_img_16775381496785368688834857128893-300x200.jpg\" alt=\"\" class=\"wp-image-9325\"\/><\/figure>\n\n\n\n<figure class=\"wp-block-image\"><img decoding=\"async\" src=\"https:\/\/contextoanalisisperiodistico.com\/wp-content\/uploads\/2023\/02\/fb_img_1677538158330948943931486461054-300x200.jpg\" alt=\"\" class=\"wp-image-9326\"\/><\/figure>\n","protected":false},"excerpt":{"rendered":"<p>(*) Gobernador Salom\u00f3n Jara entrega a la SSP parque vehicular\u00a0 de 150 patrullas para fortalecer&#8230;<\/p>\n","protected":false},"author":4,"featured_media":0,"comment_status":"open","ping_status":"open","sticky":false,"template":"","format":"standard","meta":{"footnotes":""},"categories":[9],"tags":[27],"jetpack_sharing_enabled":true,"featured_image_urls":{"full":"","thumbnail":"","medium":"","medium_large":"","large":"","1536x1536":"","2048x2048":"","covernews-slider-full":"","covernews-slider-center":"","covernews-featured":"","covernews-medium":"","covernews-medium-square":""},"author_info":{"display_name":"Mario Gir\u00f3n","author_link":"https:\/\/contextoanalisisperiodistico.com\/index.php\/author\/director\/"},"category_info":"<a href=\"https:\/\/contextoanalisisperiodistico.com\/index.php\/category\/politica\/\" rel=\"category tag\">Pol\u00edtica<\/a>","tag_info":"Pol\u00edtica","comment_count":"0","jetpack_featured_media_url":"","_links":{"self":[{"href":"https:\/\/contextoanalisisperiodistico.com\/index.php\/wp-json\/wp\/v2\/posts\/9320"}],"collection":[{"href":"https:\/\/contextoanalisisperiodistico.com\/index.php\/wp-json\/wp\/v2\/posts"}],"about":[{"href":"https:\/\/contextoanalisisperiodistico.com\/index.php\/wp-json\/wp\/v2\/types\/post"}],"author":[{"embeddable":true,"href":"https:\/\/contextoanalisisperiodistico.com\/index.php\/wp-json\/wp\/v2\/users\/4"}],"replies":[{"embeddable":true,"href":"https:\/\/contextoanalisisperiodistico.com\/index.php\/wp-json\/wp\/v2\/comments?post=9320"}],"version-history":[{"count":2,"href":"https:\/\/contextoanalisisperiodistico.com\/index.php\/wp-json\/wp\/v2\/posts\/9320\/revisions"}],"predecessor-version":[{"id":9327,"href":"https:\/\/contextoanalisisperiodistico.com\/index.php\/wp-json\/wp\/v2\/posts\/9320\/revisions\/9327"}],"wp:attachment":[{"href":"https:\/\/contextoanalisisperiodistico.com\/index.php\/wp-json\/wp\/v2\/media?parent=9320"}],"wp:term":[{"taxonomy":"category","embeddable":true,"href":"https:\/\/contextoanalisisperiodistico.com\/index.php\/wp-json\/wp\/v2\/categories?post=9320"},{"taxonomy":"post_tag","embeddable":true,"href":"https:\/\/contextoanalisisperiodistico.com\/index.php\/wp-json\/wp\/v2\/tags?post=9320"}],"curies":[{"name":"wp","href":"https:\/\/api.w.org\/{rel}","templated":true}]}}