{"id":9314,"date":"2023-02-27T14:33:08","date_gmt":"2023-02-27T20:33:08","guid":{"rendered":"https:\/\/contextoanalisisperiodistico.com\/?p=9314"},"modified":"2023-02-27T14:33:19","modified_gmt":"2023-02-27T20:33:19","slug":"tema-normalistas-es-atendido-por-la-sep-salomon-jara-cruz","status":"publish","type":"post","link":"https:\/\/contextoanalisisperiodistico.com\/index.php\/2023\/02\/27\/tema-normalistas-es-atendido-por-la-sep-salomon-jara-cruz\/","title":{"rendered":"Tema normalistas es atendido por la SEP: Salom\u00f3n Jara Cruz"},"content":{"rendered":"<div id=\"fb-root\"><\/div>\n\n<p>Oaxaca de Ju\u00e1rez, Oax. a 27 de Febrero del 2023.-El Gobernador de Oaxaca, Salom\u00f3n Jara Cruz, se\u00f1al\u00f3 esta ma\u00f1ana que el asunto de los Normalistas, es atendido por la Secretar\u00eda de Educaci\u00f3n P\u00fablica (SEP) e incluso confirm\u00f3 que este lunes habr\u00e1 una mesa de atenci\u00f3n donde participa el Jefe de Gabinete del gobierno de Oaxaca, Jos\u00e9 Antonio Rueda.<\/p>\n\n\n\n<p>A pregunta de reporteros sobre el tema, en la conferencia de prensa de todos los lunes en el Palacio de gobierno y luego de que este dia desde muy temprano los Normalistas secuestraron cuatro autobuses del transporte p\u00fablico y con ellos bloquearon algunas arterias importantes de la ciudad, el mandatario confi\u00f3 en que el tema se atienda a la brevedad y que el Gobierno del Estado es respetuoso de las manifestaciones.<\/p>\n\n\n\n<p>Incluso el director general del Instituto Estatal de Educaci\u00f3n P\u00fablica (IEEPO), Emilio Montero P\u00e9rez, ha reiterado en multiples ocasiones que hay suficientes vacantes para todos los normalistas que reunan los requisitos y aprueben los ex\u00e1menes correspondientes.<\/p>\n\n\n\n<figure class=\"wp-block-image size-large\"><img decoding=\"async\" src=\"https:\/\/contextoanalisisperiodistico.com\/wp-content\/uploads\/2023\/02\/fb_img_16775296928754113411896563214183.jpg\" alt=\"\" class=\"wp-image-9317\"\/><\/figure>\n\n\n\n<figure class=\"wp-block-image\"><img decoding=\"async\" src=\"https:\/\/contextoanalisisperiodistico.com\/wp-content\/uploads\/2023\/02\/fb_img_16775297020328214631085808813778-300x300.jpg\" alt=\"\" class=\"wp-image-9318\"\/><\/figure>\n","protected":false},"excerpt":{"rendered":"<p>Oaxaca de Ju\u00e1rez, Oax. a 27 de Febrero del 2023.-El Gobernador de Oaxaca, Salom\u00f3n Jara&#8230;<\/p>\n","protected":false},"author":4,"featured_media":0,"comment_status":"open","ping_status":"open","sticky":false,"template":"","format":"standard","meta":{"footnotes":""},"categories":[9],"tags":[],"jetpack_sharing_enabled":true,"featured_image_urls":{"full":"","thumbnail":"","medium":"","medium_large":"","large":"","1536x1536":"","2048x2048":"","covernews-slider-full":"","covernews-slider-center":"","covernews-featured":"","covernews-medium":"","covernews-medium-square":""},"author_info":{"display_name":"Mario Gir\u00f3n","author_link":"https:\/\/contextoanalisisperiodistico.com\/index.php\/author\/director\/"},"category_info":"<a href=\"https:\/\/contextoanalisisperiodistico.com\/index.php\/category\/politica\/\" rel=\"category tag\">Pol\u00edtica<\/a>","tag_info":"Pol\u00edtica","comment_count":"0","jetpack_featured_media_url":"","_links":{"self":[{"href":"https:\/\/contextoanalisisperiodistico.com\/index.php\/wp-json\/wp\/v2\/posts\/9314"}],"collection":[{"href":"https:\/\/contextoanalisisperiodistico.com\/index.php\/wp-json\/wp\/v2\/posts"}],"about":[{"href":"https:\/\/contextoanalisisperiodistico.com\/index.php\/wp-json\/wp\/v2\/types\/post"}],"author":[{"embeddable":true,"href":"https:\/\/contextoanalisisperiodistico.com\/index.php\/wp-json\/wp\/v2\/users\/4"}],"replies":[{"embeddable":true,"href":"https:\/\/contextoanalisisperiodistico.com\/index.php\/wp-json\/wp\/v2\/comments?post=9314"}],"version-history":[{"count":2,"href":"https:\/\/contextoanalisisperiodistico.com\/index.php\/wp-json\/wp\/v2\/posts\/9314\/revisions"}],"predecessor-version":[{"id":9319,"href":"https:\/\/contextoanalisisperiodistico.com\/index.php\/wp-json\/wp\/v2\/posts\/9314\/revisions\/9319"}],"wp:attachment":[{"href":"https:\/\/contextoanalisisperiodistico.com\/index.php\/wp-json\/wp\/v2\/media?parent=9314"}],"wp:term":[{"taxonomy":"category","embeddable":true,"href":"https:\/\/contextoanalisisperiodistico.com\/index.php\/wp-json\/wp\/v2\/categories?post=9314"},{"taxonomy":"post_tag","embeddable":true,"href":"https:\/\/contextoanalisisperiodistico.com\/index.php\/wp-json\/wp\/v2\/tags?post=9314"}],"curies":[{"name":"wp","href":"https:\/\/api.w.org\/{rel}","templated":true}]}}