{"id":9306,"date":"2023-02-27T14:18:12","date_gmt":"2023-02-27T20:18:12","guid":{"rendered":"https:\/\/contextoanalisisperiodistico.com\/?p=9306"},"modified":"2023-02-27T14:18:19","modified_gmt":"2023-02-27T20:18:19","slug":"municipio-capitalino-inauguro-la-caravana-de-los-derechos-humanos","status":"publish","type":"post","link":"https:\/\/contextoanalisisperiodistico.com\/index.php\/2023\/02\/27\/municipio-capitalino-inauguro-la-caravana-de-los-derechos-humanos\/","title":{"rendered":"Municipio capitalino inaugur\u00f3 la Caravana de los Derechos Humanos"},"content":{"rendered":"<div id=\"fb-root\"><\/div>\n\n<ul>\n<li>De manera coordinada con 22 dependencias federales, estatales, municipales y organismos aut\u00f3nomos, fomentar\u00e1 el respeto a los derechos de todas y todos.<\/li>\n<\/ul>\n\n\n\n<p>Oaxaca de Ju\u00e1rez, a 27 de febrero de 2023. A trav\u00e9s de una estrategia del programa municipal de los Derechos Humanos, coordinada con diversas dependencias federales, estatales, municipales y organismos aut\u00f3nomos, el presidente municipal de Oaxaca de Ju\u00e1rez, Francisco Mart\u00ednez Neri, inaugur\u00f3 la Caravana de los Derechos Humanos, en la Agencia Municipal de San Felipe del Agua, la cual recorrer\u00e1 las diferentes agencias y colonias del municipio capitalino.<br \/>&nbsp;<br \/>El municipio de Oaxaca de Ju\u00e1rez, a trav\u00e9s de la Regidur\u00eda de Derechos Humanos y Asuntos Ind\u00edgenas, busca promocionar el respeto de los derechos de todas las personas, de tal manera que la poblaci\u00f3n ejerza sus derechos, generando con ello una cultura de respeto y paz.<br \/>&nbsp;<br \/>En este sentido, el edil capitalino se\u00f1al\u00f3 que no se puede ejercer un derecho cuando no se conoce, y que este tipo de acciones son estrat\u00e9gicas, para que las y los ciudadanos conozcan sus derechos.<br \/>&nbsp;<br \/>\u201cUna caravana que va recorriendo cada parte del municipio, juega un papel fundamental en el conocimiento de las personas. Espero que al final de esta jornada hayamos realizado un trabajo fruct\u00edfero que sensibilice a las y los ciudadanos de Oaxaca de Ju\u00e1rez y que sobre todo conozcan sus derechos\u201d, acot\u00f3.<br \/>&nbsp;<br \/>Por su parte, la regidora de Derechos Humanos y Asuntos Ind\u00edgenas, Mirna L\u00f3pez Torres, puntualiz\u00f3 que la presencia de todas las instituciones es importante, pues cada una desde su funci\u00f3n puede promover, proteger, respetar y garantizar los derechos humanos.<br \/>&nbsp;<br \/>\u201cAgradezco la suma de esfuerzos de todas las instituciones p\u00fablicas, y la confianza, respeto y respaldo del presidente municipal que permite coincidir en lo fundamental, sumando esfuerzos por un bien com\u00fan\u201d finaliz\u00f3.<\/p>\n\n\n\n<p>Cabe se\u00f1alar que en esta caravana podr\u00e1s encontrar actividades, talleres e informaci\u00f3n con respecto a la salud, interculturalidad, seguridad, cultura jur\u00eddica, medio ambiente, educaci\u00f3n, movilidad, igualdad, deporte, nuevas masculinidades y accesibilidad.<br \/>&nbsp;<br \/>De esta forma, la autoridad municipal en coordinaci\u00f3n con los dos \u00f3rdenes de gobierno trabaja en la Caravana de los Derechos Humanos, una iniciativa que promueve la participaci\u00f3n ciudadana y el di\u00e1logo en torno a los derechos humanos, contribuyendo as\u00ed a una sociedad m\u00e1s justa y equitativa.<\/p>\n\n\n\n<figure class=\"wp-block-image size-large\"><img decoding=\"async\" src=\"https:\/\/contextoanalisisperiodistico.com\/wp-content\/uploads\/2023\/02\/img-20230227-wa0057872353459009491412-1024x682.jpg\" alt=\"\" class=\"wp-image-9309\"\/><\/figure>\n\n\n\n<figure class=\"wp-block-image\"><img decoding=\"async\" src=\"https:\/\/contextoanalisisperiodistico.com\/wp-content\/uploads\/2023\/02\/img-20230227-wa00602203500149794402648-1024x683.jpg\" alt=\"\" class=\"wp-image-9310\"\/><\/figure>\n\n\n\n<figure class=\"wp-block-image\"><img decoding=\"async\" src=\"https:\/\/contextoanalisisperiodistico.com\/wp-content\/uploads\/2023\/02\/img-20230227-wa00582159971922328165906-1024x683.jpg\" alt=\"\" class=\"wp-image-9311\"\/><\/figure>\n\n\n\n<figure class=\"wp-block-image\"><img decoding=\"async\" src=\"https:\/\/contextoanalisisperiodistico.com\/wp-content\/uploads\/2023\/02\/img-20230227-wa00593527327316385975894-1024x683.jpg\" alt=\"\" class=\"wp-image-9312\"\/><\/figure>\n","protected":false},"excerpt":{"rendered":"<p>Oaxaca de Ju\u00e1rez, a 27 de febrero de 2023. A trav\u00e9s de una estrategia del&#8230;<\/p>\n","protected":false},"author":4,"featured_media":0,"comment_status":"open","ping_status":"open","sticky":false,"template":"","format":"standard","meta":{"footnotes":""},"categories":[3],"tags":[],"jetpack_sharing_enabled":true,"featured_image_urls":{"full":"","thumbnail":"","medium":"","medium_large":"","large":"","1536x1536":"","2048x2048":"","covernews-slider-full":"","covernews-slider-center":"","covernews-featured":"","covernews-medium":"","covernews-medium-square":""},"author_info":{"display_name":"Mario Gir\u00f3n","author_link":"https:\/\/contextoanalisisperiodistico.com\/index.php\/author\/director\/"},"category_info":"<a href=\"https:\/\/contextoanalisisperiodistico.com\/index.php\/category\/ciudad\/\" rel=\"category tag\">Ciudad<\/a>","tag_info":"Ciudad","comment_count":"0","jetpack_featured_media_url":"","_links":{"self":[{"href":"https:\/\/contextoanalisisperiodistico.com\/index.php\/wp-json\/wp\/v2\/posts\/9306"}],"collection":[{"href":"https:\/\/contextoanalisisperiodistico.com\/index.php\/wp-json\/wp\/v2\/posts"}],"about":[{"href":"https:\/\/contextoanalisisperiodistico.com\/index.php\/wp-json\/wp\/v2\/types\/post"}],"author":[{"embeddable":true,"href":"https:\/\/contextoanalisisperiodistico.com\/index.php\/wp-json\/wp\/v2\/users\/4"}],"replies":[{"embeddable":true,"href":"https:\/\/contextoanalisisperiodistico.com\/index.php\/wp-json\/wp\/v2\/comments?post=9306"}],"version-history":[{"count":2,"href":"https:\/\/contextoanalisisperiodistico.com\/index.php\/wp-json\/wp\/v2\/posts\/9306\/revisions"}],"predecessor-version":[{"id":9313,"href":"https:\/\/contextoanalisisperiodistico.com\/index.php\/wp-json\/wp\/v2\/posts\/9306\/revisions\/9313"}],"wp:attachment":[{"href":"https:\/\/contextoanalisisperiodistico.com\/index.php\/wp-json\/wp\/v2\/media?parent=9306"}],"wp:term":[{"taxonomy":"category","embeddable":true,"href":"https:\/\/contextoanalisisperiodistico.com\/index.php\/wp-json\/wp\/v2\/categories?post=9306"},{"taxonomy":"post_tag","embeddable":true,"href":"https:\/\/contextoanalisisperiodistico.com\/index.php\/wp-json\/wp\/v2\/tags?post=9306"}],"curies":[{"name":"wp","href":"https:\/\/api.w.org\/{rel}","templated":true}]}}