{"id":9296,"date":"2023-02-27T11:24:00","date_gmt":"2023-02-27T17:24:00","guid":{"rendered":"https:\/\/contextoanalisisperiodistico.com\/?p=9296"},"modified":"2023-02-27T11:24:31","modified_gmt":"2023-02-27T17:24:31","slug":"pleno-del-ogaipo-aprueba-en-sesion-extraordinaria-su-plan-anual-de-trabajo-2023","status":"publish","type":"post","link":"https:\/\/contextoanalisisperiodistico.com\/index.php\/2023\/02\/27\/pleno-del-ogaipo-aprueba-en-sesion-extraordinaria-su-plan-anual-de-trabajo-2023\/","title":{"rendered":"Pleno del OGAIPO aprueba, en sesi\u00f3n extraordinaria, su plan anual de trabajo 2023"},"content":{"rendered":"<div id=\"fb-root\"><\/div>\n\n<p>&nbsp;<\/p>\n\n\n\n<p>&nbsp;<\/p>\n\n\n\n<p><strong>Oaxaca de Ju\u00e1rez, Oaxaca, a 27 de febrero de 2023.-&nbsp;<\/strong>Con fundamento en la Constituci\u00f3n Pol\u00edtica de los Estados Unidos Mexicanos, en la Constituci\u00f3n Pol\u00edtica del Estado Libre y Soberano de Oaxaca, en la Ley de Transparencia, Acceso a la Informaci\u00f3n P\u00fablica y Buen Gobierno del Estado de Oaxaca y del Reglamento Interno del \u00d3rgano Garante de Acceso a la Informaci\u00f3n P\u00fablica, Transparencia, Protecci\u00f3n de Datos Personales y Buen Gobierno del Estado de Oaxaca (OGAIPO), esta ma\u00f1ana, el Consejo General del \u00d3rgano Local de Transparencia celebr\u00f3 su Cuarta Sesi\u00f3n Extraordinaria 2023.<\/p>\n\n\n\n<p>&nbsp;<\/p>\n\n\n\n<p>En la Sesi\u00f3n particip\u00f3 el Pleno del OGAIPO, integrado por las Comisionadas, Mar\u00eda Tanivet Ramos Reyes, X\u00f3chitl Elizabeth M\u00e9ndez S\u00e1nchez, Claudia Ivette Soto Pineda, el Comisionado Jos\u00e9 Luis Echeverr\u00eda Morales y el Comisionado Presidente, Josu\u00e9 Solana Salmor\u00e1n. Mediante acuerdo, el Pleno del OGAIPO aprob\u00f3 por unanimidad el Plan Anual de Trabajo 2023 de este \u00d3rgano Garante.<\/p>\n\n\n\n<p>&nbsp;<\/p>\n\n\n\n<p>El \u00d3rgano garante, a trav\u00e9s del trabajo coordinado de las unidades administrativas que lo conforman, gener\u00f3 el denominado Plan de Trabajo Anual 2023 (PTA 2023), en el que se establecen los objetivos estrat\u00e9gicos, l\u00edneas de acci\u00f3n y las actividades que permitir\u00e1n sentar las bases para la construcci\u00f3n de una instituci\u00f3n s\u00f3lida, organizada y eficaz en sus resultados para el presente ejercicio.<\/p>\n","protected":false},"excerpt":{"rendered":"<p>&nbsp; &nbsp; Oaxaca de Ju\u00e1rez, Oaxaca, a 27 de febrero de 2023.-&nbsp;Con fundamento en la&#8230;<\/p>\n","protected":false},"author":4,"featured_media":0,"comment_status":"open","ping_status":"open","sticky":false,"template":"","format":"standard","meta":{"footnotes":""},"categories":[3],"tags":[],"jetpack_sharing_enabled":true,"featured_image_urls":{"full":"","thumbnail":"","medium":"","medium_large":"","large":"","1536x1536":"","2048x2048":"","covernews-slider-full":"","covernews-slider-center":"","covernews-featured":"","covernews-medium":"","covernews-medium-square":""},"author_info":{"display_name":"Mario Gir\u00f3n","author_link":"https:\/\/contextoanalisisperiodistico.com\/index.php\/author\/director\/"},"category_info":"<a href=\"https:\/\/contextoanalisisperiodistico.com\/index.php\/category\/ciudad\/\" rel=\"category tag\">Ciudad<\/a>","tag_info":"Ciudad","comment_count":"0","jetpack_featured_media_url":"","_links":{"self":[{"href":"https:\/\/contextoanalisisperiodistico.com\/index.php\/wp-json\/wp\/v2\/posts\/9296"}],"collection":[{"href":"https:\/\/contextoanalisisperiodistico.com\/index.php\/wp-json\/wp\/v2\/posts"}],"about":[{"href":"https:\/\/contextoanalisisperiodistico.com\/index.php\/wp-json\/wp\/v2\/types\/post"}],"author":[{"embeddable":true,"href":"https:\/\/contextoanalisisperiodistico.com\/index.php\/wp-json\/wp\/v2\/users\/4"}],"replies":[{"embeddable":true,"href":"https:\/\/contextoanalisisperiodistico.com\/index.php\/wp-json\/wp\/v2\/comments?post=9296"}],"version-history":[{"count":2,"href":"https:\/\/contextoanalisisperiodistico.com\/index.php\/wp-json\/wp\/v2\/posts\/9296\/revisions"}],"predecessor-version":[{"id":9299,"href":"https:\/\/contextoanalisisperiodistico.com\/index.php\/wp-json\/wp\/v2\/posts\/9296\/revisions\/9299"}],"wp:attachment":[{"href":"https:\/\/contextoanalisisperiodistico.com\/index.php\/wp-json\/wp\/v2\/media?parent=9296"}],"wp:term":[{"taxonomy":"category","embeddable":true,"href":"https:\/\/contextoanalisisperiodistico.com\/index.php\/wp-json\/wp\/v2\/categories?post=9296"},{"taxonomy":"post_tag","embeddable":true,"href":"https:\/\/contextoanalisisperiodistico.com\/index.php\/wp-json\/wp\/v2\/tags?post=9296"}],"curies":[{"name":"wp","href":"https:\/\/api.w.org\/{rel}","templated":true}]}}