{"id":9284,"date":"2023-02-27T06:57:45","date_gmt":"2023-02-27T12:57:45","guid":{"rendered":"https:\/\/contextoanalisisperiodistico.com\/?p=9284"},"modified":"2023-02-27T06:57:51","modified_gmt":"2023-02-27T12:57:51","slug":"conocera-gobierno-de-oaxaca-destino-final-de-mil-190-mdpasignados-a-municipios-afectados-por-agatha-salomon-jara","status":"publish","type":"post","link":"https:\/\/contextoanalisisperiodistico.com\/index.php\/2023\/02\/27\/conocera-gobierno-de-oaxaca-destino-final-de-mil-190-mdpasignados-a-municipios-afectados-por-agatha-salomon-jara\/","title":{"rendered":"Conocer\u00e1 Gobierno de Oaxaca destino final de mil 190 mdp<br>asignados a municipios afectados por Agatha: Salom\u00f3n Jara"},"content":{"rendered":"<div id=\"fb-root\"><\/div>\n\n<p>\u2022 Durante el fin de semana el Gobernador de Oaxaca Salom\u00f3n Jara encabez\u00f3 Asambleas Evaluativas en municipios afectados por el fen\u00f3meno meteorol\u00f3gico<\/p>\n\n\n\n<p>\u2022 A la fecha, el titular del Poder Ejecutivo ha presidido 24 Asambleas Evaluativas en igual n\u00famero de municipios, donde se ha informado la cantidad de recursos econ\u00f3micos invertidos y los avances en la edificaci\u00f3n de obras de beneficio social<\/p>\n\n\n\n<p>Santiago Astata, Oax., 26 de febrero de 2023.- El Gobernador de Oaxaca, Salom\u00f3n Jara Cruz asegur\u00f3 que los gobiernos federal y estatal est\u00e1n empe\u00f1ados en conocer el destino de mil 190 millones de pesos asignados a 31 municipios afectados por el hurac\u00e1n Agatha y que fueron destinados para la reconstrucci\u00f3n y construcci\u00f3n de obras de beneficio social.<\/p>\n\n\n\n<p>Al visitar los municipios de Santiago Astata en el Istmo de Tehuantepec y San Marcial Ozolotepec en la Sierra Sur, donde conoci\u00f3 los avances en la aplicaci\u00f3n del recurso destinado por el Gobierno Federal, a las personas afectadas por el fen\u00f3meno meteorol\u00f3gico ocurrido en mayo de 2022, el titular del Poder Ejecutivo anunci\u00f3 que se har\u00e1n las revisiones y auditor\u00edas necesarias para saber cu\u00e1l fue el destino del dinero.<\/p>\n\n\n\n<p>En el municipio de Santiago Astata, el Gobernante oaxaque\u00f1o encabez\u00f3 una reuni\u00f3n con habitantes de este municipio cuyo nombre significa \u201cLugar de Iguanas\u201d, donde escuch\u00f3 de viva voz de las y los pobladores los comentarios en torno a la aplicaci\u00f3n del presupuesto destinado a los trabajos de reconstrucci\u00f3n.<\/p>\n\n\n\n<p>Ah\u00ed, el Mandatario estatal inform\u00f3 que la encomienda del Presidente de M\u00e9xico Andr\u00e9s Manuel L\u00f3pez Obrador, es conocer el destino de los mil 190 millones de pesos asignados a 31 municipios.<\/p>\n\n\n\n<p>En el marco de la Asamblea Evaluativa, Jara Cruz anunci\u00f3 que se cre\u00f3 una Comisi\u00f3n integrada por dependencias federales y estatales, la cual realizar\u00e1 visitas t\u00e9cnicas para conocer la aplicaci\u00f3n del dinero p\u00fablico, y que este se haya usado para las acciones acordadas en cada una de las asambleas.<\/p>\n\n\n\n<p>Adelant\u00f3 que el pr\u00f3ximo 21 de marzo, durante una visita del Presidente de M\u00e9xico al Estado de Oaxaca, se entregar\u00e1n los informes de los 31 municipios con las observaciones y opiniones de la ciudadan\u00eda.<\/p>\n\n\n\n<p>M\u00e1s tarde, al presidir la asamblea en San Marcial Ozolotepec en la Sierra Sur de la entidad, ante habitantes y autoridades municipales del lugar, reiter\u00f3 el compromiso que el Jefe del Ejecutivo federal tiene con el pueblo oaxaque\u00f1o, a quien no dud\u00f3 en apoyar de manera inmediata tras ser afectado por el hurac\u00e1n Agatha, que fue el fen\u00f3meno natural, en su tipo, m\u00e1s fuerte que toc\u00f3 tierra a lo largo de la costa del Pac\u00edfico de M\u00e9xico en el mes de mayo de 2022, tambi\u00e9n el quinto hurac\u00e1n m\u00e1s intenso registrado en dicho mes.<\/p>\n\n\n\n<p>Asever\u00f3 que desde el Gobierno del Estado se atender\u00e1 a todos los municipios para trabajar y sumar esfuerzos a los que ya se realizan desde la Federaci\u00f3n, para lograr el desarrollo y bienestar que demandan los pueblos.<\/p>\n\n\n\n<p>A la fecha, el Gobernador de Oaxaca ha desarrollado 24 Asambleas Evaluativas en igual n\u00famero de municipios, donde se ha informado la cantidad de recursos econ\u00f3micos invertidos y los avances en la edificaci\u00f3n de obras de beneficio social.<\/p>\n\n\n\n<p>-0-<\/p>\n\n\n\n<figure class=\"wp-block-image size-large\"><img decoding=\"async\" src=\"https:\/\/contextoanalisisperiodistico.com\/wp-content\/uploads\/2023\/02\/img-20230226-wa01191817635855758271018-1024x682.jpg\" alt=\"\" class=\"wp-image-9288\"\/><\/figure>\n\n\n\n<figure class=\"wp-block-image\"><img decoding=\"async\" src=\"https:\/\/contextoanalisisperiodistico.com\/wp-content\/uploads\/2023\/02\/img-20230226-wa01181543333495851037131-1024x682.jpg\" alt=\"\" class=\"wp-image-9287\"\/><\/figure>\n","protected":false},"excerpt":{"rendered":"<p>\u2022 Durante el fin de semana el Gobernador de Oaxaca Salom\u00f3n Jara encabez\u00f3 Asambleas Evaluativas&#8230;<\/p>\n","protected":false},"author":4,"featured_media":0,"comment_status":"open","ping_status":"open","sticky":false,"template":"","format":"standard","meta":{"footnotes":""},"categories":[7],"tags":[],"jetpack_sharing_enabled":true,"featured_image_urls":{"full":"","thumbnail":"","medium":"","medium_large":"","large":"","1536x1536":"","2048x2048":"","covernews-slider-full":"","covernews-slider-center":"","covernews-featured":"","covernews-medium":"","covernews-medium-square":""},"author_info":{"display_name":"Mario Gir\u00f3n","author_link":"https:\/\/contextoanalisisperiodistico.com\/index.php\/author\/director\/"},"category_info":"<a href=\"https:\/\/contextoanalisisperiodistico.com\/index.php\/category\/municipios\/\" rel=\"category tag\">Municipios<\/a>","tag_info":"Municipios","comment_count":"0","jetpack_featured_media_url":"","_links":{"self":[{"href":"https:\/\/contextoanalisisperiodistico.com\/index.php\/wp-json\/wp\/v2\/posts\/9284"}],"collection":[{"href":"https:\/\/contextoanalisisperiodistico.com\/index.php\/wp-json\/wp\/v2\/posts"}],"about":[{"href":"https:\/\/contextoanalisisperiodistico.com\/index.php\/wp-json\/wp\/v2\/types\/post"}],"author":[{"embeddable":true,"href":"https:\/\/contextoanalisisperiodistico.com\/index.php\/wp-json\/wp\/v2\/users\/4"}],"replies":[{"embeddable":true,"href":"https:\/\/contextoanalisisperiodistico.com\/index.php\/wp-json\/wp\/v2\/comments?post=9284"}],"version-history":[{"count":2,"href":"https:\/\/contextoanalisisperiodistico.com\/index.php\/wp-json\/wp\/v2\/posts\/9284\/revisions"}],"predecessor-version":[{"id":9289,"href":"https:\/\/contextoanalisisperiodistico.com\/index.php\/wp-json\/wp\/v2\/posts\/9284\/revisions\/9289"}],"wp:attachment":[{"href":"https:\/\/contextoanalisisperiodistico.com\/index.php\/wp-json\/wp\/v2\/media?parent=9284"}],"wp:term":[{"taxonomy":"category","embeddable":true,"href":"https:\/\/contextoanalisisperiodistico.com\/index.php\/wp-json\/wp\/v2\/categories?post=9284"},{"taxonomy":"post_tag","embeddable":true,"href":"https:\/\/contextoanalisisperiodistico.com\/index.php\/wp-json\/wp\/v2\/tags?post=9284"}],"curies":[{"name":"wp","href":"https:\/\/api.w.org\/{rel}","templated":true}]}}