{"id":9276,"date":"2023-02-27T06:45:08","date_gmt":"2023-02-27T12:45:08","guid":{"rendered":"https:\/\/contextoanalisisperiodistico.com\/?p=9276"},"modified":"2023-02-27T06:45:47","modified_gmt":"2023-02-27T12:45:47","slug":"declara-miriam-de-los-angeles-vazquez-ruiz-a-embajadora-de-noruega-como-aliada-de-las-mujeres-en-mexico","status":"publish","type":"post","link":"https:\/\/contextoanalisisperiodistico.com\/index.php\/2023\/02\/27\/declara-miriam-de-los-angeles-vazquez-ruiz-a-embajadora-de-noruega-como-aliada-de-las-mujeres-en-mexico\/","title":{"rendered":"Declara Miriam de los \u00c1ngeles V\u00e1zquez Ruiz a embajadora de Noruega como aliada de las mujeres en M\u00e9xico"},"content":{"rendered":"<div id=\"fb-root\"><\/div>\n\n<p>&nbsp;<\/p>\n\n\n\n<p>*Intercambian opiniones y experiencias en materia de g\u00e9nero, derechos humanos y pueblos ind\u00edgenas<\/p>\n\n\n\n<p>&nbsp;<\/p>\n\n\n\n<p><strong>Oaxaca, Oax. 25 de febrero de 2023-&nbsp;<\/strong>A nombre de la LXV Legislatura local, la presidenta de la Mesa Directiva Miriam de los \u00c1ngeles V\u00e1zquez Ruiz, dio la bienvenida a la Casa del Pueblo de Oaxaca, a la excelent\u00edsima embajadora de Noruega en M\u00e9xico, Ragnhild Imerslund.<\/p>\n\n\n\n<p>&nbsp;<\/p>\n\n\n\n<p>Acompa\u00f1ada de las y los Diputados Reyna Victoria, Elvia P\u00e9rez y C\u00e9sar Mateos integrantes de las&nbsp; comisiones en materia de derechos humanos, g\u00e9nero y pueblos ind\u00edgenas, la parlamentaria afirm\u00f3 que para la comunidad internacional y su agenda, la promoci\u00f3n y protecci\u00f3n de los derechos humanos es un compromiso de larga data y que la buena relaci\u00f3n entre nuestro pa\u00eds y Noruega permitir\u00e1 seguir avanzando en estos temas.<\/p>\n\n\n\n<p>&nbsp;<\/p>\n\n\n\n<p>Reunidos en la sede del Poder Legislativo,&nbsp; reconoci\u00f3&nbsp; y aplaudi\u00f3 los esfuerzos de cooperaci\u00f3n, solidaridad y tareas en conjunto que se desarrollan en distintos pa\u00edses incluyendo a M\u00e9xico.<\/p>\n\n\n\n<p>&nbsp;<\/p>\n\n\n\n<p>Ante la representante del pa\u00eds N\u00f3rdico subray\u00f3 que en la LXV Legislatura local existe tanto la voluntad como la sensibilidad para hacer posible un cambio significativo en la vida de muchas mujeres oaxaque\u00f1as y \u201cesa es la tarea que nos hemos propuesto, impulsar una agenda legislativa pero sobre todo vigilar su cumplimiento de parte de los responsables\u201d.<\/p>\n\n\n\n<p>&nbsp;<\/p>\n\n\n\n<p>Para cerrar la reuni\u00f3n dijo creer en la cooperaci\u00f3n y en la inclusi\u00f3n de la ciudadan\u00eda como mecanismo de participaci\u00f3n en la toma de decisiones y la participaci\u00f3n de actores claves, en el marco de la autonom\u00eda del Estado mexicano, con las cuales se&nbsp; pueden acompa\u00f1ar una agenda en com\u00fan aprovechando acuerdos y voluntad para generar dichos entendimientos y por ello declar\u00f3 como aliada a la embajadora, por su tarea en la promoci\u00f3n de los Derechos Humanos en M\u00e9xico.<\/p>\n","protected":false},"excerpt":{"rendered":"<p>&nbsp; *Intercambian opiniones y experiencias en materia de g\u00e9nero, derechos humanos y pueblos ind\u00edgenas &nbsp;&#8230;<\/p>\n","protected":false},"author":4,"featured_media":0,"comment_status":"open","ping_status":"open","sticky":false,"template":"","format":"standard","meta":{"footnotes":""},"categories":[6],"tags":[],"jetpack_sharing_enabled":true,"featured_image_urls":{"full":"","thumbnail":"","medium":"","medium_large":"","large":"","1536x1536":"","2048x2048":"","covernews-slider-full":"","covernews-slider-center":"","covernews-featured":"","covernews-medium":"","covernews-medium-square":""},"author_info":{"display_name":"Mario Gir\u00f3n","author_link":"https:\/\/contextoanalisisperiodistico.com\/index.php\/author\/director\/"},"category_info":"<a href=\"https:\/\/contextoanalisisperiodistico.com\/index.php\/category\/legislatura\/\" rel=\"category tag\">Legislatura<\/a>","tag_info":"Legislatura","comment_count":"0","jetpack_featured_media_url":"","_links":{"self":[{"href":"https:\/\/contextoanalisisperiodistico.com\/index.php\/wp-json\/wp\/v2\/posts\/9276"}],"collection":[{"href":"https:\/\/contextoanalisisperiodistico.com\/index.php\/wp-json\/wp\/v2\/posts"}],"about":[{"href":"https:\/\/contextoanalisisperiodistico.com\/index.php\/wp-json\/wp\/v2\/types\/post"}],"author":[{"embeddable":true,"href":"https:\/\/contextoanalisisperiodistico.com\/index.php\/wp-json\/wp\/v2\/users\/4"}],"replies":[{"embeddable":true,"href":"https:\/\/contextoanalisisperiodistico.com\/index.php\/wp-json\/wp\/v2\/comments?post=9276"}],"version-history":[{"count":2,"href":"https:\/\/contextoanalisisperiodistico.com\/index.php\/wp-json\/wp\/v2\/posts\/9276\/revisions"}],"predecessor-version":[{"id":9279,"href":"https:\/\/contextoanalisisperiodistico.com\/index.php\/wp-json\/wp\/v2\/posts\/9276\/revisions\/9279"}],"wp:attachment":[{"href":"https:\/\/contextoanalisisperiodistico.com\/index.php\/wp-json\/wp\/v2\/media?parent=9276"}],"wp:term":[{"taxonomy":"category","embeddable":true,"href":"https:\/\/contextoanalisisperiodistico.com\/index.php\/wp-json\/wp\/v2\/categories?post=9276"},{"taxonomy":"post_tag","embeddable":true,"href":"https:\/\/contextoanalisisperiodistico.com\/index.php\/wp-json\/wp\/v2\/tags?post=9276"}],"curies":[{"name":"wp","href":"https:\/\/api.w.org\/{rel}","templated":true}]}}