{"id":9261,"date":"2023-02-27T06:31:16","date_gmt":"2023-02-27T12:31:16","guid":{"rendered":"https:\/\/contextoanalisisperiodistico.com\/?p=9261"},"modified":"2023-02-27T06:31:23","modified_gmt":"2023-02-27T12:31:23","slug":"exitosa-carrera-atletica-y-paseo-ciclista-central-de-abasto","status":"publish","type":"post","link":"https:\/\/contextoanalisisperiodistico.com\/index.php\/2023\/02\/27\/exitosa-carrera-atletica-y-paseo-ciclista-central-de-abasto\/","title":{"rendered":"Exitosa carrera atl\u00e9tica y paseo ciclista \u201cCentral de Abasto\u201d"},"content":{"rendered":"<div id=\"fb-root\"><\/div>\n\n<p>&nbsp;<\/p>\n\n\n\n<p>\u00b7&nbsp;&nbsp;&nbsp;&nbsp;&nbsp;&nbsp;Con la participaci\u00f3n de 1500 personas se llev\u00f3 a cabo este domingo la primera carrera atl\u00e9tica y paseo ciclista \u201cCentral de Abasto\u201d.<\/p>\n\n\n\n<p>&nbsp;<\/p>\n\n\n\n<p>Oaxaca de Ju\u00e1rez, Oax., a 26 de febrero de 2023. En un ambiente totalmente familiar y con gran afluencia, este domingo, se llev\u00f3 a cabo la primera carrera atl\u00e9tica y paseo ciclista \u201cCentral de Abasto\u201d que organiz\u00f3 el municipio de Oaxaca de Ju\u00e1rez, a trav\u00e9s de la Secretar\u00eda de Seguridad Ciudadana, Movilidad y Protecci\u00f3n Civil, en coordinaci\u00f3n con el Gobierno del Estado.<\/p>\n\n\n\n<p>&nbsp;<\/p>\n\n\n\n<p>Esta carrera forma parte de todo el proyecto que se tiene para dignificar la \u00abPlaza Grande\u00bb del pueblo oaxaque\u00f1o, adem\u00e1s de promover la actividad f\u00edsica y h\u00e1bitos de vida saludable.<\/p>\n\n\n\n<p>&nbsp;<\/p>\n\n\n\n<p>Cientos de hombres, mujeres y ni\u00f1os, recorrieron el trayecto programado de 2.5 y 5 kil\u00f3metros, saliendo de la Av. Central y dando dos vueltas a circuito hasta llegar a la meta. Las y los participantes fueron recibidos con bebidas hidratantes y una medalla que da cuenta de su participaci\u00f3n en este esfuerzo conjunto que realiza el gobierno estatal y municipal.<\/p>\n\n\n\n<p>&nbsp;<\/p>\n\n\n\n<p>Acompa\u00f1ado de la titular del Secretariado Ejecutivo del Sistema Estatal de Seguridad P\u00fablica de Oaxaca, Karina Bar\u00f3n Ortiz, el secretario de Seguridad y Protecci\u00f3n Ciudadana, Iv\u00e1n Garc\u00eda \u00c1lvarez, el director del Instituto del Deporte del Estado de Oaxaca, Arturo de Jes\u00fas Ch\u00e1vez, la regidora de Seguridad Ciudadana y Movilidad y de Agencias y Colonias, Claudia Tapia Nolasco, el secretario de Seguridad Ciudadana, Movilidad y Protecci\u00f3n Civil, Ra\u00fal \u00c1vila Ibarra, el director del Instituto Municipal del Deporte, Porfirio Santill\u00e1n Miguel,&nbsp;&nbsp;el secretario de Bienestar Municipal, Daniel Constantino Leon, entre otros funcionarios y funcionarias, el edil capitalino Francisco Mart\u00ednez Neri, estuvo presente en la carrera para animar a los participantes y mostrar su apoyo.<\/p>\n\n\n\n<p>&nbsp;<\/p>\n\n\n\n<p>Asimismo, se\u00f1al\u00f3 que esta carrera es solo el comienzo de las muchas actividades y proyectos que se realizar\u00e1n en la Central de Abasto, siempre en beneficio de las y los ciudadanos.&nbsp;<\/p>\n\n\n\n<p>&nbsp;<\/p>\n\n\n\n<p>\u201cEsta gran plaza estar\u00e1 llena de obras y actividades que realizar\u00e1 el gobierno municipal en coordinaci\u00f3n con el gobierno estatal. Estoy muy feliz de ver a las&nbsp;&nbsp;oaxaque\u00f1as y oaxaque\u00f1os participando y que vengan a reforzar esta actividad\u201d, acot\u00f3.&nbsp;<\/p>\n\n\n\n<p>&nbsp;<\/p>\n\n\n\n<p>En su intervenci\u00f3n, la titular del Secretariado Ejecutivo del Sistema Estatal de Seguridad P\u00fablica de Oaxaca, Karina Bar\u00f3n Ortiz, agradeci\u00f3 al municipio capitalino por la buena coordinaci\u00f3n que se tuvo para realizar esta importante actividad y, de esta forma, mandar un mensaje de trabajo conjunto entre los dos&nbsp;&nbsp;\u00f3rdenes de gobierno para la dignificaci\u00f3n de la Central de Abasto.&nbsp;&nbsp;<\/p>\n\n\n\n<p>&nbsp;<\/p>\n\n\n\n<p>De esta forma, la primera carrera atl\u00e9tica y paseo ciclista \u201cCentral de Abasto\u201d fue un gran \u00e9xito, gracias a la entusiasta participaci\u00f3n de las y los ciudadanos&nbsp;&nbsp;y el compromiso del gobierno municipal y estatal de trabajar para el bienestar de todos los oaxaque\u00f1os.<\/p>\n\n\n\n<figure class=\"wp-block-image size-large\"><img decoding=\"async\" src=\"https:\/\/contextoanalisisperiodistico.com\/wp-content\/uploads\/2023\/02\/c0f4294c-79a8-47b5-bd55-81f403b6b4144921167893791177383-1024x683.jpeg\" alt=\"\" class=\"wp-image-9264\"\/><\/figure>\n\n\n\n<figure class=\"wp-block-image\"><img decoding=\"async\" src=\"https:\/\/contextoanalisisperiodistico.com\/wp-content\/uploads\/2023\/02\/fe84bdb1-5bbc-4562-8bfe-efc3498ef57c5821952877469360849-1024x683.jpeg\" alt=\"\" class=\"wp-image-9265\"\/><\/figure>\n","protected":false},"excerpt":{"rendered":"<p>&nbsp; \u00b7&nbsp;&nbsp;&nbsp;&nbsp;&nbsp;&nbsp;Con la participaci\u00f3n de 1500 personas se llev\u00f3 a cabo este domingo la primera&#8230;<\/p>\n","protected":false},"author":4,"featured_media":0,"comment_status":"open","ping_status":"open","sticky":false,"template":"","format":"standard","meta":{"footnotes":""},"categories":[3,9],"tags":[],"jetpack_sharing_enabled":true,"featured_image_urls":{"full":"","thumbnail":"","medium":"","medium_large":"","large":"","1536x1536":"","2048x2048":"","covernews-slider-full":"","covernews-slider-center":"","covernews-featured":"","covernews-medium":"","covernews-medium-square":""},"author_info":{"display_name":"Mario Gir\u00f3n","author_link":"https:\/\/contextoanalisisperiodistico.com\/index.php\/author\/director\/"},"category_info":"<a href=\"https:\/\/contextoanalisisperiodistico.com\/index.php\/category\/ciudad\/\" rel=\"category tag\">Ciudad<\/a> <a href=\"https:\/\/contextoanalisisperiodistico.com\/index.php\/category\/politica\/\" rel=\"category tag\">Pol\u00edtica<\/a>","tag_info":"Pol\u00edtica","comment_count":"0","jetpack_featured_media_url":"","_links":{"self":[{"href":"https:\/\/contextoanalisisperiodistico.com\/index.php\/wp-json\/wp\/v2\/posts\/9261"}],"collection":[{"href":"https:\/\/contextoanalisisperiodistico.com\/index.php\/wp-json\/wp\/v2\/posts"}],"about":[{"href":"https:\/\/contextoanalisisperiodistico.com\/index.php\/wp-json\/wp\/v2\/types\/post"}],"author":[{"embeddable":true,"href":"https:\/\/contextoanalisisperiodistico.com\/index.php\/wp-json\/wp\/v2\/users\/4"}],"replies":[{"embeddable":true,"href":"https:\/\/contextoanalisisperiodistico.com\/index.php\/wp-json\/wp\/v2\/comments?post=9261"}],"version-history":[{"count":2,"href":"https:\/\/contextoanalisisperiodistico.com\/index.php\/wp-json\/wp\/v2\/posts\/9261\/revisions"}],"predecessor-version":[{"id":9266,"href":"https:\/\/contextoanalisisperiodistico.com\/index.php\/wp-json\/wp\/v2\/posts\/9261\/revisions\/9266"}],"wp:attachment":[{"href":"https:\/\/contextoanalisisperiodistico.com\/index.php\/wp-json\/wp\/v2\/media?parent=9261"}],"wp:term":[{"taxonomy":"category","embeddable":true,"href":"https:\/\/contextoanalisisperiodistico.com\/index.php\/wp-json\/wp\/v2\/categories?post=9261"},{"taxonomy":"post_tag","embeddable":true,"href":"https:\/\/contextoanalisisperiodistico.com\/index.php\/wp-json\/wp\/v2\/tags?post=9261"}],"curies":[{"name":"wp","href":"https:\/\/api.w.org\/{rel}","templated":true}]}}