{"id":9239,"date":"2023-02-26T15:07:51","date_gmt":"2023-02-26T21:07:51","guid":{"rendered":"https:\/\/contextoanalisisperiodistico.com\/?p=9239"},"modified":"2023-02-26T15:07:59","modified_gmt":"2023-02-26T21:07:59","slug":"embellecen-el-centro-historico-de-oaxaca-durante-el-tequio-bienestar","status":"publish","type":"post","link":"https:\/\/contextoanalisisperiodistico.com\/index.php\/2023\/02\/26\/embellecen-el-centro-historico-de-oaxaca-durante-el-tequio-bienestar\/","title":{"rendered":"Embellecen el Centro Hist\u00f3rico de Oaxaca durante el Tequio Bienestar"},"content":{"rendered":"<div id=\"fb-root\"><\/div>\n\n<p>\u25cf Se realizaron acciones de limpieza, pintura y el desazolve de varias alcantarillas en las calles que conforman el primer cuadro de la ciudad capitalina.<\/p>\n\n\n\n<p>Oaxaca de Ju\u00e1rez, Oax. 26 de febrero de 2023.- Como ya es costumbre, este domingo se llev\u00f3 a cabo el Tequio Bienestar que organiza la Secretar\u00eda de Bienestar, Tequio e Inclusi\u00f3n (Sebienti), en esta ocasi\u00f3n, en las calles del Centro Hist\u00f3rico de la ciudad Oaxaca de Ju\u00e1rez.<\/p>\n\n\n\n<p>Se sumaron a las acciones de limpieza y mejoramiento urbano la ciudadan\u00eda en general, asociaciones civiles, servidoras y servidores p\u00fablicos del Gobierno estatal y municipal, legisladores locales y comerciantes.<\/p>\n\n\n\n<p>Desde muy temprano, quienes participaron tomaron la escoba y las brochas para barrer, limpiar, pintar y embellecer las calles que conforman el primer cuadro de este municipio capitalino.<\/p>\n\n\n\n<p>En tanto, personal del Sistema Operador de los Servicios de Agua Potable y Alcantarillado (SOAPA) realizaron el desazolve de siete alcantarillas ubicadas en las calles de Valerio Trujano, 20 de Noviembre, J.P. Garc\u00eda y Las Casas.<\/p>\n\n\n\n<p>La titular de la Sebienti, Laura Estrada Mauro inform\u00f3 que por instrucci\u00f3n del gobernador Salom\u00f3n Jara Cruz se trabaja en coordinaci\u00f3n con el ayuntamiento de la capital oaxaque\u00f1a para embellecer la imagen de la ciudad.<\/p>\n\n\n\n<p>Reiter\u00f3 que continuar\u00e1n llevando a cabo semana a semana los Tequios Bienestar y que tambi\u00e9n los impulsa en las ocho regiones del estado, a fin de motivar la participaci\u00f3n ciudadana y recuperar esta pr\u00e1ctica de solidaridad que distingue a las comunidades y pueblos de Oaxaca.<\/p>\n\n\n\n<p>Este domingo particip\u00f3 personal de las secretar\u00edas de Turismo, Seculta, Interculturalidad, Pueblos y Comunidades Ind\u00edgenas y Afromexicanas, de Administraci\u00f3n (SIPCIA), SOAPA, Monte de Piedad y Polic\u00eda Vial Estatal. Adem\u00e1s de personal de la regidur\u00eda de Desarrollo Urbano y Centro Hist\u00f3rico del Ayuntamiento de Oaxaca de Ju\u00e1rez.<\/p>\n\n\n\n<figure class=\"wp-block-image size-large\"><img decoding=\"async\" src=\"https:\/\/contextoanalisisperiodistico.com\/wp-content\/uploads\/2023\/02\/img-20230226-wa00721448034347673029992-1024x682.jpg\" alt=\"\" class=\"wp-image-9243\"\/><\/figure>\n\n\n\n<figure class=\"wp-block-image\"><img decoding=\"async\" src=\"https:\/\/contextoanalisisperiodistico.com\/wp-content\/uploads\/2023\/02\/img-20230226-wa00699140653495998275169-1024x682.jpg\" alt=\"\" class=\"wp-image-9242\"\/><\/figure>\n","protected":false},"excerpt":{"rendered":"<p>\u25cf Se realizaron acciones de limpieza, pintura y el desazolve de varias alcantarillas en las&#8230;<\/p>\n","protected":false},"author":4,"featured_media":0,"comment_status":"open","ping_status":"open","sticky":false,"template":"","format":"standard","meta":{"footnotes":""},"categories":[3],"tags":[],"jetpack_sharing_enabled":true,"featured_image_urls":{"full":"","thumbnail":"","medium":"","medium_large":"","large":"","1536x1536":"","2048x2048":"","covernews-slider-full":"","covernews-slider-center":"","covernews-featured":"","covernews-medium":"","covernews-medium-square":""},"author_info":{"display_name":"Mario Gir\u00f3n","author_link":"https:\/\/contextoanalisisperiodistico.com\/index.php\/author\/director\/"},"category_info":"<a href=\"https:\/\/contextoanalisisperiodistico.com\/index.php\/category\/ciudad\/\" rel=\"category tag\">Ciudad<\/a>","tag_info":"Ciudad","comment_count":"0","jetpack_featured_media_url":"","_links":{"self":[{"href":"https:\/\/contextoanalisisperiodistico.com\/index.php\/wp-json\/wp\/v2\/posts\/9239"}],"collection":[{"href":"https:\/\/contextoanalisisperiodistico.com\/index.php\/wp-json\/wp\/v2\/posts"}],"about":[{"href":"https:\/\/contextoanalisisperiodistico.com\/index.php\/wp-json\/wp\/v2\/types\/post"}],"author":[{"embeddable":true,"href":"https:\/\/contextoanalisisperiodistico.com\/index.php\/wp-json\/wp\/v2\/users\/4"}],"replies":[{"embeddable":true,"href":"https:\/\/contextoanalisisperiodistico.com\/index.php\/wp-json\/wp\/v2\/comments?post=9239"}],"version-history":[{"count":2,"href":"https:\/\/contextoanalisisperiodistico.com\/index.php\/wp-json\/wp\/v2\/posts\/9239\/revisions"}],"predecessor-version":[{"id":9244,"href":"https:\/\/contextoanalisisperiodistico.com\/index.php\/wp-json\/wp\/v2\/posts\/9239\/revisions\/9244"}],"wp:attachment":[{"href":"https:\/\/contextoanalisisperiodistico.com\/index.php\/wp-json\/wp\/v2\/media?parent=9239"}],"wp:term":[{"taxonomy":"category","embeddable":true,"href":"https:\/\/contextoanalisisperiodistico.com\/index.php\/wp-json\/wp\/v2\/categories?post=9239"},{"taxonomy":"post_tag","embeddable":true,"href":"https:\/\/contextoanalisisperiodistico.com\/index.php\/wp-json\/wp\/v2\/tags?post=9239"}],"curies":[{"name":"wp","href":"https:\/\/api.w.org\/{rel}","templated":true}]}}