{"id":9176,"date":"2023-02-25T17:11:38","date_gmt":"2023-02-25T23:11:38","guid":{"rendered":"https:\/\/contextoanalisisperiodistico.com\/?p=9176"},"modified":"2023-02-25T17:11:44","modified_gmt":"2023-02-25T23:11:44","slug":"oaxaca-de-juarez-una-ciudad-educadora-donde-hablan-los-monumentos-historicos-fmn","status":"publish","type":"post","link":"https:\/\/contextoanalisisperiodistico.com\/index.php\/2023\/02\/25\/oaxaca-de-juarez-una-ciudad-educadora-donde-hablan-los-monumentos-historicos-fmn\/","title":{"rendered":"Oaxaca de Ju\u00e1rez, una ciudad educadora donde hablan los monumentos hist\u00f3ricos: FMN"},"content":{"rendered":"<div id=\"fb-root\"><\/div>\n\n<p>&nbsp;<\/p>\n\n\n\n<p>\u2022&nbsp;&nbsp;A trav\u00e9s de la 3.\u00aa fase del programa \u00abOaxaca para ti, gu\u00eda de Patrimonio Cultural\u201d, se cuenta la historia de monumentos hist\u00f3ricos.<\/p>\n\n\n\n<p>&nbsp;<\/p>\n\n\n\n<p>Oaxaca de Ju\u00e1rez, a 25 de febrero de 2023. El municipio de Oaxaca de Ju\u00e1rez, a trav\u00e9s de la Secretar\u00eda de Fomento Tur\u00edstico, llev\u00f3 a cabo la inauguraci\u00f3n de la fase 3 del programa \u00abOaxaca para ti, gu\u00eda de Patrimonio Cultural\u201d,&nbsp;&nbsp;en el Obelisco a Porfirio D\u00edaz, ubicado en la calzada Porfirio D\u00edaz.<\/p>\n\n\n\n<p>&nbsp;<\/p>\n\n\n\n<p>En este acto de inauguraci\u00f3n se presentaron los c\u00f3digos QR que integran el paseo sonoro de la calzada Porfirio D\u00edaz: la&nbsp;&nbsp;Balaustra, banca de Granito, monumento Obelisco, fuente de los Platos, fuente de las 8 Regiones y la&nbsp;&nbsp;Ex Hacienda de Aguilera.<\/p>\n\n\n\n<p>&nbsp;<\/p>\n\n\n\n<p>En su intervenci\u00f3n, el presidente municipal, Francisco Mart\u00ednez Neri, acompa\u00f1ado de la secretaria de Fomento Tur\u00edstico, Adriana Aguilar Escobar, el arquitecto El\u00edas Lucero, en representaci\u00f3n del director INAH Oaxaca, y la coordinadora de la Unidad Oaxaca del Instituto de Investigaciones Est\u00e9ticas de la UNAM, Claudia Ruiz P\u00e9rez, se\u00f1al\u00f3 que este es un logro importante e innovador que destaca a Oaxaca como una ciudad educadora donde las paredes deben hablar. Adem\u00e1s, se congratul\u00f3 por el \u00e9xito del proyecto, que ha tenido m\u00e1s de 40,000 reproducciones hasta la fecha.<\/p>\n\n\n\n<p>&nbsp;<\/p>\n\n\n\n<p>Asimismo, la secretaria de Fomento Tur\u00edstico, Adriana Aguilar, manifest\u00f3 que este programa \u00abOaxaca para ti, gu\u00eda de Patrimonio Cultural\u201d, es una iniciativa del gobierno municipal que utiliza la tecnolog\u00eda para dar voz a los monumentos art\u00edsticos e hist\u00f3ricos de la ciudad de Oaxaca.&nbsp;<\/p>\n\n\n\n<p>&nbsp;<\/p>\n\n\n\n<p>A trav\u00e9s de 180 c\u00f3digos QR, colocados en diferentes lugares de la ciudad, los visitantes pueden acceder a pasajes sonoros que les cuentan la historia de los templos, casas, teatros, plazas y parques p\u00fablicos, mercados y m\u00e1s.&nbsp;<\/p>\n\n\n\n<p>&nbsp;<\/p>\n\n\n\n<p>De esta forma, a trav\u00e9s de este proyecto, Oaxaca de Ju\u00e1rez sigue siendo un destino tur\u00edstico innovador y atractivo para visitantes locales e internacionales.<\/p>\n\n\n\n<figure class=\"wp-block-image size-large\"><img decoding=\"async\" src=\"https:\/\/contextoanalisisperiodistico.com\/wp-content\/uploads\/2023\/02\/b270da49-e347-4f08-a2c8-625e9e3dc9779163215895377540266-1024x683.jpeg\" alt=\"\" class=\"wp-image-9180\"\/><\/figure>\n\n\n\n<figure class=\"wp-block-image\"><img decoding=\"async\" src=\"https:\/\/contextoanalisisperiodistico.com\/wp-content\/uploads\/2023\/02\/bfdaf74d-a89d-4469-9a9c-cdbc4159700c7153545837768770158-1024x682.jpeg\" alt=\"\" class=\"wp-image-9179\"\/><\/figure>\n\n\n\n<figure class=\"wp-block-image\"><img decoding=\"async\" src=\"https:\/\/contextoanalisisperiodistico.com\/wp-content\/uploads\/2023\/02\/ff7b3853-4a38-4917-b205-506de16341ed1589356632225158238-683x1024.jpeg\" alt=\"\" class=\"wp-image-9182\"\/><\/figure>\n\n\n\n<figure class=\"wp-block-image\"><img decoding=\"async\" src=\"https:\/\/contextoanalisisperiodistico.com\/wp-content\/uploads\/2023\/02\/b97709e4-9286-4cac-a49e-1a1a6bb898145010950805691978388-1024x683.jpeg\" alt=\"\" class=\"wp-image-9181\"\/><\/figure>\n\n\n\n<figure class=\"wp-block-image\"><img decoding=\"async\" src=\"https:\/\/contextoanalisisperiodistico.com\/wp-content\/uploads\/2023\/02\/a63153dd-dbd2-43b7-a307-9bca5fa9f1571758513409434758130-1024x683.jpeg\" alt=\"\" class=\"wp-image-9183\"\/><\/figure>\n","protected":false},"excerpt":{"rendered":"<p>&nbsp; \u2022&nbsp;&nbsp;A trav\u00e9s de la 3.\u00aa fase del programa \u00abOaxaca para ti, gu\u00eda de Patrimonio&#8230;<\/p>\n","protected":false},"author":4,"featured_media":0,"comment_status":"open","ping_status":"open","sticky":false,"template":"","format":"standard","meta":{"footnotes":""},"categories":[3],"tags":[15,26],"jetpack_sharing_enabled":true,"featured_image_urls":{"full":"","thumbnail":"","medium":"","medium_large":"","large":"","1536x1536":"","2048x2048":"","covernews-slider-full":"","covernews-slider-center":"","covernews-featured":"","covernews-medium":"","covernews-medium-square":""},"author_info":{"display_name":"Mario Gir\u00f3n","author_link":"https:\/\/contextoanalisisperiodistico.com\/index.php\/author\/director\/"},"category_info":"<a href=\"https:\/\/contextoanalisisperiodistico.com\/index.php\/category\/ciudad\/\" rel=\"category tag\">Ciudad<\/a>","tag_info":"Ciudad","comment_count":"0","jetpack_featured_media_url":"","_links":{"self":[{"href":"https:\/\/contextoanalisisperiodistico.com\/index.php\/wp-json\/wp\/v2\/posts\/9176"}],"collection":[{"href":"https:\/\/contextoanalisisperiodistico.com\/index.php\/wp-json\/wp\/v2\/posts"}],"about":[{"href":"https:\/\/contextoanalisisperiodistico.com\/index.php\/wp-json\/wp\/v2\/types\/post"}],"author":[{"embeddable":true,"href":"https:\/\/contextoanalisisperiodistico.com\/index.php\/wp-json\/wp\/v2\/users\/4"}],"replies":[{"embeddable":true,"href":"https:\/\/contextoanalisisperiodistico.com\/index.php\/wp-json\/wp\/v2\/comments?post=9176"}],"version-history":[{"count":2,"href":"https:\/\/contextoanalisisperiodistico.com\/index.php\/wp-json\/wp\/v2\/posts\/9176\/revisions"}],"predecessor-version":[{"id":9184,"href":"https:\/\/contextoanalisisperiodistico.com\/index.php\/wp-json\/wp\/v2\/posts\/9176\/revisions\/9184"}],"wp:attachment":[{"href":"https:\/\/contextoanalisisperiodistico.com\/index.php\/wp-json\/wp\/v2\/media?parent=9176"}],"wp:term":[{"taxonomy":"category","embeddable":true,"href":"https:\/\/contextoanalisisperiodistico.com\/index.php\/wp-json\/wp\/v2\/categories?post=9176"},{"taxonomy":"post_tag","embeddable":true,"href":"https:\/\/contextoanalisisperiodistico.com\/index.php\/wp-json\/wp\/v2\/tags?post=9176"}],"curies":[{"name":"wp","href":"https:\/\/api.w.org\/{rel}","templated":true}]}}