{"id":9165,"date":"2023-02-25T14:20:04","date_gmt":"2023-02-25T20:20:04","guid":{"rendered":"https:\/\/contextoanalisisperiodistico.com\/?p=9165"},"modified":"2023-02-25T14:20:16","modified_gmt":"2023-02-25T20:20:16","slug":"registra-cco-amplia-participacion-en-sus-173-talleres","status":"publish","type":"post","link":"https:\/\/contextoanalisisperiodistico.com\/index.php\/2023\/02\/25\/registra-cco-amplia-participacion-en-sus-173-talleres\/","title":{"rendered":"Registra CCO amplia participaci\u00f3n en sus 173 talleres"},"content":{"rendered":"<div id=\"fb-root\"><\/div>\n\n<p>\u2022 Alrededor de dos mil personas han participado en los cursos de m\u00fasica, teatro, danza, cultura para ni\u00f1os y alternativos, que se imparten en la Casa de la Cultura Oaxaque\u00f1a<br \/>Oaxaca de Ju\u00e1rez, Oax., 25 de febrero de 2023.- La nueva oferta art\u00edstica y cultural de la Casa de la Cultura Oaxaque\u00f1a (CCO), registr\u00f3 durante esta semana que concluye, la asistencia de alrededor de dos mil oaxaque\u00f1as y oaxaque\u00f1os en sus 173 talleres que imparte.<\/p>\n\n\n\n<p>La directora de la Casa de la Cultura Oaxaque\u00f1a (CCO), Sara Orozco Mart\u00ednez, expres\u00f3 que bajo una visi\u00f3n inclusiva y pluricultural, como lo ha instruido el Gobernador de Salom\u00f3n Jara Cruz, los talleres han registrado la asistencia de personas de entre 4 a 80 a\u00f1os de edad.<\/p>\n\n\n\n<p>M\u00fasica, teatro, danza, cultura para ni\u00f1os y alternativos, son las cinco disciplinas en las que se dividen los talleres, los cuales se complementan con los nuevos ejes tem\u00e1ticos, que son los Talleres de Zapoteco de la Sierra Norte y Sierra Sur; Serigraf\u00eda, Teatro para Adultos Mayores, Lenguaje de Se\u00f1as Mexicanas, Armonizaci\u00f3n a trav\u00e9s de la Cultura y Gesti\u00f3n Cultural.<\/p>\n\n\n\n<p>La servidora p\u00fablica a\u00f1adi\u00f3 que en la Casa de la Cultura Oaxaque\u00f1a, ubicada en la calle Gonz\u00e1lez Ortega n\u00famero 403, del centro de la ciudad capital, los talleres se imparten de lunes a viernes, en horarios que van a partir de las 9:00 a 21:00 horas; y los s\u00e1bados de 9:00 a 15:00 horas.<\/p>\n\n\n\n<p>Sara Orozco Mart\u00ednez se\u00f1al\u00f3 que por instrucciones del Mandatario estatal, la CCO vuelve a las ra\u00edces oaxaque\u00f1as en el tema de conocimiento, revitalizaci\u00f3n y preservaci\u00f3n de la cultura en las comunidades, por lo cual contin\u00faa con gran \u00e9xito el Programa de Fomento a la Lectura \u00abBaadu ru&#8217;unda\u00bb, a trav\u00e9s de las artes esc\u00e9nicas.<\/p>\n\n\n\n<p>Asimismo, comparti\u00f3 que despu\u00e9s de muchos a\u00f1os, las Tardes de Danz\u00f3n a cargo de la Banda de la Casa de la Cultura, conformada por ni\u00f1as, ni\u00f1os, adolescentes y personas adultas mayores, se present\u00f3 en La P\u00e9rgola, gracias a un trabajo coordinado con el Comit\u00e9 de Vida Vecinal (Comvive) de Trinidad de las Huertas, para el rescate y fomento de las actividades en el Barrio de Los Siete Pr\u00edncipes.<\/p>\n\n\n\n<p>Finalmente, la directora general de la CCO dijo que tambi\u00e9n se realiz\u00f3 el Concierto \u201cOr\u00e1culo Cantor\u201d de Maru Encanto al Coraz\u00f3n, y pr\u00f3ximamente habr\u00e1 una exposici\u00f3n pict\u00f3rica del maestro Lucio Santiago para el deleite del p\u00fablico oaxaque\u00f1o.<br \/>-0-<\/p>\n\n\n\n<figure class=\"wp-block-image size-large\"><img decoding=\"async\" src=\"https:\/\/contextoanalisisperiodistico.com\/wp-content\/uploads\/2023\/02\/img-20230225-wa00314022325715233914893-575x1024.jpg\" alt=\"\" class=\"wp-image-9168\"><\/figure>\n\n\n\n<figure class=\"wp-block-image\"><img decoding=\"async\" src=\"https:\/\/contextoanalisisperiodistico.com\/wp-content\/uploads\/2023\/02\/img-20230225-wa00324064145790478069275-1024x575.jpg\" alt=\"\" class=\"wp-image-9169\"><\/figure>\n\n\n\n<figure class=\"wp-block-image\"><img decoding=\"async\" src=\"https:\/\/contextoanalisisperiodistico.com\/wp-content\/uploads\/2023\/02\/img-20230225-wa00285006974817906799342-1024x575.jpg\" alt=\"\" class=\"wp-image-9170\"><\/figure>\n\n\n\n<figure class=\"wp-block-image\"><img decoding=\"async\" src=\"https:\/\/contextoanalisisperiodistico.com\/wp-content\/uploads\/2023\/02\/img-20230225-wa00296500052112245081004-1024x575.jpg\" alt=\"\" class=\"wp-image-9171\"><\/figure>\n\n\n\n<figure class=\"wp-block-image\"><img decoding=\"async\" src=\"https:\/\/contextoanalisisperiodistico.com\/wp-content\/uploads\/2023\/02\/img-20230225-wa00302689465685334303492-1024x575.jpg\" alt=\"\" class=\"wp-image-9172\"><\/figure>\n\n\n\n<figure class=\"wp-block-image\"><img decoding=\"async\" src=\"https:\/\/contextoanalisisperiodistico.com\/wp-content\/uploads\/2023\/02\/img-20230225-wa0026905181366128707499-1024x575.jpg\" alt=\"\" class=\"wp-image-9173\"><\/figure>\n\n\n\n<figure class=\"wp-block-image\"><img decoding=\"async\" src=\"https:\/\/contextoanalisisperiodistico.com\/wp-content\/uploads\/2023\/02\/img-20230225-wa00252294265237071147646-1024x575.jpg\" alt=\"\" class=\"wp-image-9174\"><\/figure>\n","protected":false},"excerpt":{"rendered":"<p>\u2022 Alrededor de dos mil personas han participado en los cursos de m\u00fasica, teatro, danza,&#8230;<\/p>\n","protected":false},"author":4,"featured_media":0,"comment_status":"open","ping_status":"open","sticky":false,"template":"","format":"standard","meta":{"footnotes":""},"categories":[3],"tags":[],"jetpack_sharing_enabled":true,"featured_image_urls":{"full":"","thumbnail":"","medium":"","medium_large":"","large":"","1536x1536":"","2048x2048":"","covernews-slider-full":"","covernews-slider-center":"","covernews-featured":"","covernews-medium":"","covernews-medium-square":""},"author_info":{"display_name":"Mario Gir\u00f3n","author_link":"https:\/\/contextoanalisisperiodistico.com\/index.php\/author\/director\/"},"category_info":"<a href=\"https:\/\/contextoanalisisperiodistico.com\/index.php\/category\/ciudad\/\" rel=\"category tag\">Ciudad<\/a>","tag_info":"Ciudad","comment_count":"0","jetpack_featured_media_url":"","_links":{"self":[{"href":"https:\/\/contextoanalisisperiodistico.com\/index.php\/wp-json\/wp\/v2\/posts\/9165"}],"collection":[{"href":"https:\/\/contextoanalisisperiodistico.com\/index.php\/wp-json\/wp\/v2\/posts"}],"about":[{"href":"https:\/\/contextoanalisisperiodistico.com\/index.php\/wp-json\/wp\/v2\/types\/post"}],"author":[{"embeddable":true,"href":"https:\/\/contextoanalisisperiodistico.com\/index.php\/wp-json\/wp\/v2\/users\/4"}],"replies":[{"embeddable":true,"href":"https:\/\/contextoanalisisperiodistico.com\/index.php\/wp-json\/wp\/v2\/comments?post=9165"}],"version-history":[{"count":2,"href":"https:\/\/contextoanalisisperiodistico.com\/index.php\/wp-json\/wp\/v2\/posts\/9165\/revisions"}],"predecessor-version":[{"id":9175,"href":"https:\/\/contextoanalisisperiodistico.com\/index.php\/wp-json\/wp\/v2\/posts\/9165\/revisions\/9175"}],"wp:attachment":[{"href":"https:\/\/contextoanalisisperiodistico.com\/index.php\/wp-json\/wp\/v2\/media?parent=9165"}],"wp:term":[{"taxonomy":"category","embeddable":true,"href":"https:\/\/contextoanalisisperiodistico.com\/index.php\/wp-json\/wp\/v2\/categories?post=9165"},{"taxonomy":"post_tag","embeddable":true,"href":"https:\/\/contextoanalisisperiodistico.com\/index.php\/wp-json\/wp\/v2\/tags?post=9165"}],"curies":[{"name":"wp","href":"https:\/\/api.w.org\/{rel}","templated":true}]}}