{"id":8802,"date":"2023-02-21T13:43:03","date_gmt":"2023-02-21T19:43:03","guid":{"rendered":"http:\/\/contextoanalisisperiodistico.com.mx\/?p=8802"},"modified":"2023-02-23T22:03:45","modified_gmt":"2023-02-24T04:03:45","slug":"alerta-ieepo-por-fraude-en-venta-de-plazas-docentes","status":"publish","type":"post","link":"https:\/\/contextoanalisisperiodistico.com\/index.php\/2023\/02\/21\/alerta-ieepo-por-fraude-en-venta-de-plazas-docentes\/","title":{"rendered":"Alerta IEEPO por fraude en venta de plazas docentes"},"content":{"rendered":"<div id=\"fb-root\"><\/div>\n\n<p>\u2022 El organismo hace un llamado a tomar precauciones y evitar caer en enga\u00f1os, as\u00ed como denunciar estas actividades que pueden constituirse en diversos delitos<\/p>\n\n\n\n<p>Oaxaca de Ju\u00e1rez, Oax., 21 de febrero de 2023.- El Instituto Estatal de Educaci\u00f3n P\u00fablica de Oaxaca (IEEPO), alerta a la ciudadan\u00eda sobre llamadas telef\u00f3nicas de personas que, identific\u00e1ndose como funcionariado de la dependencia, ofrecen y venden plazas laborales.<\/p>\n\n\n\n<p>El Instituto detall\u00f3 que a trav\u00e9s de llamadas haci\u00e9ndose pasar por el Director General o mandos superiores del Instituto (subdirectores generales, asesor general y directores), ofrecen todo tipo de apoyo material a los centros educativos, como equipamiento y mobiliario; as\u00ed como plazas laborales administrativas y docentes, solicitando dinero en efectivo o transferencias bancarias para obtener los supuestos beneficios.<\/p>\n\n\n\n<p>Anunci\u00f3 que estas conductas pueden constituir diversos delitos que atentan contra el patrimonio y la seguridad de las personas que son sorprendidas.<\/p>\n\n\n\n<p>Por ello, el IEEPO hace un llamado a las autoridades municipales y sociedad en general, a tomar precauciones para evitar caer en enga\u00f1os y, en su caso, denunciar cualquier hecho con esas caracter\u00edsticas ante la Fiscal\u00eda General del Estado de Oaxaca (FGEO).<\/p>\n\n\n\n<p>Enfatiz\u00f3 que, todos los servicios y tr\u00e1mites realizados ante el IEEPO se efect\u00faan de forma gratuita, directa y sin intermediarios, con estricto apego a la normatividad y a los procedimientos administrativos correspondientes.<\/p>\n\n\n\n<p>En caso de requerir informaci\u00f3n u orientaci\u00f3n ante cualquier irregularidad, las personas pueden comunicarse a la Direcci\u00f3n de Servicios Jur\u00eddicos al tel\u00e9fono 951 291 27 51 o al correo electr\u00f3nico: legal.dsj@ieepo.gob.mx.<\/p>\n\n\n\n<p>-0-<\/p>\n","protected":false},"excerpt":{"rendered":"<p>\u2022 El organismo hace un llamado a tomar precauciones y evitar caer en enga\u00f1os, as\u00ed&#8230;<\/p>\n","protected":false},"author":2,"featured_media":0,"comment_status":"open","ping_status":"open","sticky":false,"template":"","format":"standard","meta":{"footnotes":""},"categories":[3],"tags":[],"jetpack_sharing_enabled":true,"featured_image_urls":{"full":"","thumbnail":"","medium":"","medium_large":"","large":"","1536x1536":"","2048x2048":"","covernews-slider-full":"","covernews-slider-center":"","covernews-featured":"","covernews-medium":"","covernews-medium-square":""},"author_info":{"display_name":"Miguel","author_link":"https:\/\/contextoanalisisperiodistico.com\/index.php\/author\/editor\/"},"category_info":"<a href=\"https:\/\/contextoanalisisperiodistico.com\/index.php\/category\/ciudad\/\" rel=\"category tag\">Ciudad<\/a>","tag_info":"Ciudad","comment_count":"0","jetpack_featured_media_url":"","_links":{"self":[{"href":"https:\/\/contextoanalisisperiodistico.com\/index.php\/wp-json\/wp\/v2\/posts\/8802"}],"collection":[{"href":"https:\/\/contextoanalisisperiodistico.com\/index.php\/wp-json\/wp\/v2\/posts"}],"about":[{"href":"https:\/\/contextoanalisisperiodistico.com\/index.php\/wp-json\/wp\/v2\/types\/post"}],"author":[{"embeddable":true,"href":"https:\/\/contextoanalisisperiodistico.com\/index.php\/wp-json\/wp\/v2\/users\/2"}],"replies":[{"embeddable":true,"href":"https:\/\/contextoanalisisperiodistico.com\/index.php\/wp-json\/wp\/v2\/comments?post=8802"}],"version-history":[{"count":1,"href":"https:\/\/contextoanalisisperiodistico.com\/index.php\/wp-json\/wp\/v2\/posts\/8802\/revisions"}],"predecessor-version":[{"id":8934,"href":"https:\/\/contextoanalisisperiodistico.com\/index.php\/wp-json\/wp\/v2\/posts\/8802\/revisions\/8934"}],"wp:attachment":[{"href":"https:\/\/contextoanalisisperiodistico.com\/index.php\/wp-json\/wp\/v2\/media?parent=8802"}],"wp:term":[{"taxonomy":"category","embeddable":true,"href":"https:\/\/contextoanalisisperiodistico.com\/index.php\/wp-json\/wp\/v2\/categories?post=8802"},{"taxonomy":"post_tag","embeddable":true,"href":"https:\/\/contextoanalisisperiodistico.com\/index.php\/wp-json\/wp\/v2\/tags?post=8802"}],"curies":[{"name":"wp","href":"https:\/\/api.w.org\/{rel}","templated":true}]}}