{"id":8801,"date":"2023-02-21T12:18:59","date_gmt":"2023-02-21T18:18:59","guid":{"rendered":"http:\/\/contextoanalisisperiodistico.com.mx\/2023\/02\/21\/cometi-una-estupidez\/"},"modified":"2023-02-21T12:18:59","modified_gmt":"2023-02-21T18:18:59","slug":"cometi-una-estupidez","status":"publish","type":"post","link":"https:\/\/contextoanalisisperiodistico.com\/index.php\/2023\/02\/21\/cometi-una-estupidez\/","title":{"rendered":"\u00abComet\u00ed una estupidez\u00bb"},"content":{"rendered":"<div id=\"fb-root\"><\/div>\n\n<p>\u25cfConfiesa v\u00eda celular presunto felicidio<\/p>\n\n\n\n<p>\u25cf Facas\u00f3 al intentar suicidarse, luego de quitarle la vida a 2 hijas adolescentes<\/p>\n\n\n\n<p>El drama familiar en el fraccionamiento Orqu\u00eddeas, lo explica la Secretar\u00eda de Seguridad Ciudadana, Movilidad y Protecci\u00f3n Civil Municipal de Oaxaca de Ju\u00e1rez <\/p>\n\n\n\n<p>Febrero 21 de 2023.<\/p>\n\n\n\n<p>07:35. El operador de C4 informa que en la Avenida Ferrocarril, n\u00famero 37, fraccionamiento Orqu\u00eddeas, Santa Rosa Panzacola, se encontraban tres cuerpos derribados. <\/p>\n\n\n\n<p>Acudi\u00f3 la unidad 201 con 2 elementos m\u00e1s, quienes al arribar al lugar fueron contactados por el ciudadano M. A. G. D. de 60 a\u00f1os de edad, quien les manifesto que el d\u00eda de ayer 20 de febrero, por la noche, recibi\u00f3 una llamada telef\u00f3nica de su hermano, de nombre A. G. D. indic\u00e1ndole que hab\u00eda cometido una estupidez.<\/p>\n\n\n\n<p>Por lo que hasta el d\u00eda de hoy, a las 07:00, arrib\u00f3 a la casa de su hermano donde se percat\u00f3 que hab\u00eda sangre, que su familiar estaba derribado, con sangre e inconsciente, as\u00ed como dos cuerpos envueltos en s\u00e1banas, cada uno en recamaras separadas.<\/p>\n\n\n\n<p>Se solicit\u00f3 el apoyo de la asistencia m\u00e9dica, arribando la ambulancia 202 de la Cruz Roja, al mando del param\u00e9dico M. V con 3 elementos m\u00e1s, quienes confirmaron que los dos cuerpos envueltos en s\u00e1banas son de femeninas y que su deceso fue desde un d\u00eda antes. <\/p>\n\n\n\n<p>El derribado, es un masculino que presenta heridas en ambas piernas y brazos, provocadas con objeto cortante, inconsciente, con signos vitales, por lo que es translado en codigo rojo al IMSS con custodia como presunto responsable actos constituidos c\u00f3mo delito.<\/p>\n\n\n\n<p>Se hace menci\u00f3n que el M. A. G. D., reconoci\u00f3 a las dos femeninas como sus sobrinas, cuyos nombres son J. G. R. de 19 a\u00f1os de edad y N. G. R. de 17 a\u00f1os. De igual forma, desconoce el porqu\u00e9 su hermano cometi\u00f3 dicho acto.<\/p>\n","protected":false},"excerpt":{"rendered":"<p>\u25cfConfiesa v\u00eda celular presunto felicidio \u25cf Facas\u00f3 al intentar suicidarse, luego de quitarle la vida&#8230;<\/p>\n","protected":false},"author":2,"featured_media":8800,"comment_status":"open","ping_status":"open","sticky":false,"template":"","format":"standard","meta":{"footnotes":""},"categories":[10],"tags":[],"jetpack_sharing_enabled":true,"featured_image_urls":{"full":"","thumbnail":"","medium":"","medium_large":"","large":"","1536x1536":"","2048x2048":"","covernews-slider-full":"","covernews-slider-center":"","covernews-featured":"","covernews-medium":"","covernews-medium-square":""},"author_info":{"display_name":"Miguel","author_link":"https:\/\/contextoanalisisperiodistico.com\/index.php\/author\/editor\/"},"category_info":"<a href=\"https:\/\/contextoanalisisperiodistico.com\/index.php\/category\/seguridad\/\" rel=\"category tag\">Seguridad<\/a>","tag_info":"Seguridad","comment_count":"0","jetpack_featured_media_url":"","_links":{"self":[{"href":"https:\/\/contextoanalisisperiodistico.com\/index.php\/wp-json\/wp\/v2\/posts\/8801"}],"collection":[{"href":"https:\/\/contextoanalisisperiodistico.com\/index.php\/wp-json\/wp\/v2\/posts"}],"about":[{"href":"https:\/\/contextoanalisisperiodistico.com\/index.php\/wp-json\/wp\/v2\/types\/post"}],"author":[{"embeddable":true,"href":"https:\/\/contextoanalisisperiodistico.com\/index.php\/wp-json\/wp\/v2\/users\/2"}],"replies":[{"embeddable":true,"href":"https:\/\/contextoanalisisperiodistico.com\/index.php\/wp-json\/wp\/v2\/comments?post=8801"}],"version-history":[{"count":0,"href":"https:\/\/contextoanalisisperiodistico.com\/index.php\/wp-json\/wp\/v2\/posts\/8801\/revisions"}],"wp:featuredmedia":[{"embeddable":true,"href":"https:\/\/contextoanalisisperiodistico.com\/index.php\/wp-json\/"}],"wp:attachment":[{"href":"https:\/\/contextoanalisisperiodistico.com\/index.php\/wp-json\/wp\/v2\/media?parent=8801"}],"wp:term":[{"taxonomy":"category","embeddable":true,"href":"https:\/\/contextoanalisisperiodistico.com\/index.php\/wp-json\/wp\/v2\/categories?post=8801"},{"taxonomy":"post_tag","embeddable":true,"href":"https:\/\/contextoanalisisperiodistico.com\/index.php\/wp-json\/wp\/v2\/tags?post=8801"}],"curies":[{"name":"wp","href":"https:\/\/api.w.org\/{rel}","templated":true}]}}