{"id":8797,"date":"2023-02-21T07:44:54","date_gmt":"2023-02-21T13:44:54","guid":{"rendered":"http:\/\/contextoanalisisperiodistico.com.mx\/?p=8797"},"modified":"2023-03-07T01:58:36","modified_gmt":"2023-03-07T07:58:36","slug":"gobierno-de-oaxaca-reafirma-su-compromiso-con-la-policia-estatal-y-base-trabajadora-de-la-sspc","status":"publish","type":"post","link":"https:\/\/contextoanalisisperiodistico.com\/index.php\/2023\/02\/21\/gobierno-de-oaxaca-reafirma-su-compromiso-con-la-policia-estatal-y-base-trabajadora-de-la-sspc\/","title":{"rendered":"Gobierno de Oaxaca reafirma su compromiso con la Polic\u00eda Estatal y base trabajadora de la SSPC"},"content":{"rendered":"<div id=\"fb-root\"><\/div>\n\n<p>\u2022 El secretario de Seguridad y Protecci\u00f3n Ciudadana, el Capit\u00e1n de Fragata, Iv\u00e1n Garc\u00eda \u00c1lvarez, dio puntual atenci\u00f3n a los planteamientos de la Polic\u00eda Estatal y base trabajadora.<\/p>\n\n\n\n<p>Oaxaca de Ju\u00e1rez, Oax. 20 de febrero de 2023.- El Gobierno del Estado de Oaxaca, que encabeza Salom\u00f3n Jara Cruz, refrenda su compromiso con la ciudadan\u00eda de continuar con la transformaci\u00f3n de la entidad, al ser una administraci\u00f3n cercana, que dialoga, escucha y atiende las necesidades de la misma.<\/p>\n\n\n\n<p>En este sentido, el secretario de Seguridad y Protecci\u00f3n Ciudadana, el Capit\u00e1n de Fragata Iv\u00e1n Garc\u00eda \u00c1lvarez di\u00f3 puntual atenci\u00f3n a los planteamientos e inquietudes de las y los integrantes de la Polic\u00eda Estatal, llevando as\u00ed una sesi\u00f3n informativa en el Cuartel General de la corporaci\u00f3n, en la que se comprometi\u00f3 a atender lo expresado por las y los uniformados como son: la revisi\u00f3n de ayuda alimentaria, bonos, prestaciones, entre otros temas.<\/p>\n\n\n\n<p>Asimismo, instal\u00f3 una mesa de trabajo con delegados sindicales adscritos a la dependencia estatal, en la cual se acord\u00f3 fortalecer los canales de comunicaci\u00f3n y trazar una ruta conjunta de trabajo que beneficie a la base trabajadora; pero sobre todo a la ciudadan\u00eda oaxaque\u00f1a.<\/p>\n\n\n\n<p>Cabe se\u00f1alar que, en ning\u00fan momento existi\u00f3 un paro de labores en el Cuartel General de la Polic\u00eda Estatal, ya que el titular de la SSPC escuch\u00f3 las inquietudes y peticiones de la corporaci\u00f3n, ya que en todo momento ha existido un di\u00e1logo abierto y cercano.<\/p>\n\n\n\n<p>En cada una de las mesas de trabajo, el Capit\u00e1n de Fragata, Iv\u00e1n Garc\u00eda \u00c1lvarez reafirm\u00f3 el compromiso del Gobernador del Estado de dignificar la labor policial; as\u00ed como, de la base trabajadora.<\/p>\n","protected":false},"excerpt":{"rendered":"<p>\u2022 El secretario de Seguridad y Protecci\u00f3n Ciudadana, el Capit\u00e1n de Fragata, Iv\u00e1n Garc\u00eda \u00c1lvarez,&#8230;<\/p>\n","protected":false},"author":2,"featured_media":0,"comment_status":"open","ping_status":"open","sticky":false,"template":"","format":"standard","meta":{"footnotes":""},"categories":[6,10],"tags":[],"jetpack_sharing_enabled":true,"featured_image_urls":{"full":"","thumbnail":"","medium":"","medium_large":"","large":"","1536x1536":"","2048x2048":"","covernews-slider-full":"","covernews-slider-center":"","covernews-featured":"","covernews-medium":"","covernews-medium-square":""},"author_info":{"display_name":"Miguel","author_link":"https:\/\/contextoanalisisperiodistico.com\/index.php\/author\/editor\/"},"category_info":"<a href=\"https:\/\/contextoanalisisperiodistico.com\/index.php\/category\/legislatura\/\" rel=\"category tag\">Legislatura<\/a> <a href=\"https:\/\/contextoanalisisperiodistico.com\/index.php\/category\/seguridad\/\" rel=\"category tag\">Seguridad<\/a>","tag_info":"Seguridad","comment_count":"0","jetpack_featured_media_url":"","_links":{"self":[{"href":"https:\/\/contextoanalisisperiodistico.com\/index.php\/wp-json\/wp\/v2\/posts\/8797"}],"collection":[{"href":"https:\/\/contextoanalisisperiodistico.com\/index.php\/wp-json\/wp\/v2\/posts"}],"about":[{"href":"https:\/\/contextoanalisisperiodistico.com\/index.php\/wp-json\/wp\/v2\/types\/post"}],"author":[{"embeddable":true,"href":"https:\/\/contextoanalisisperiodistico.com\/index.php\/wp-json\/wp\/v2\/users\/2"}],"replies":[{"embeddable":true,"href":"https:\/\/contextoanalisisperiodistico.com\/index.php\/wp-json\/wp\/v2\/comments?post=8797"}],"version-history":[{"count":1,"href":"https:\/\/contextoanalisisperiodistico.com\/index.php\/wp-json\/wp\/v2\/posts\/8797\/revisions"}],"predecessor-version":[{"id":9871,"href":"https:\/\/contextoanalisisperiodistico.com\/index.php\/wp-json\/wp\/v2\/posts\/8797\/revisions\/9871"}],"wp:attachment":[{"href":"https:\/\/contextoanalisisperiodistico.com\/index.php\/wp-json\/wp\/v2\/media?parent=8797"}],"wp:term":[{"taxonomy":"category","embeddable":true,"href":"https:\/\/contextoanalisisperiodistico.com\/index.php\/wp-json\/wp\/v2\/categories?post=8797"},{"taxonomy":"post_tag","embeddable":true,"href":"https:\/\/contextoanalisisperiodistico.com\/index.php\/wp-json\/wp\/v2\/tags?post=8797"}],"curies":[{"name":"wp","href":"https:\/\/api.w.org\/{rel}","templated":true}]}}