{"id":8789,"date":"2023-02-20T19:17:20","date_gmt":"2023-02-21T01:17:20","guid":{"rendered":"http:\/\/contextoanalisisperiodistico.com.mx\/?p=8789"},"modified":"2023-02-20T19:17:20","modified_gmt":"2023-02-21T01:17:20","slug":"mi-gobierno-no-maquillara-cifras-sobre-pobreza-y-marginacion-gobernador-salomon-jara","status":"publish","type":"post","link":"https:\/\/contextoanalisisperiodistico.com\/index.php\/2023\/02\/20\/mi-gobierno-no-maquillara-cifras-sobre-pobreza-y-marginacion-gobernador-salomon-jara\/","title":{"rendered":"\u201cMi gobierno no maquillar\u00e1 cifras sobre pobreza y marginaci\u00f3n\u201d: Gobernador Salom\u00f3n Jara"},"content":{"rendered":"<div id=\"fb-root\"><\/div>\n\n<p><br>\u2022 Oaxaca no est\u00e1 condenado a la pobreza, la marginaci\u00f3n, ni al olvido como en el pasado<\/p>\n\n\n\n<p>\u2022 El Gobierno del Estado firm\u00f3 un convenio de colaboraci\u00f3n con el Consejo Nacional de Evaluaci\u00f3n de la Pol\u00edtica de Desarrollo Social (Coneval)<\/p>\n\n\n\n<p>Oaxaca de Ju\u00e1rez, 20 de febrero de 2023.- \u201cMi gobierno no maquillar\u00e1 ni manipular\u00e1 las cifras sobre la pobreza y la marginaci\u00f3n, ni dejar\u00e1 en el olvido a los pueblos con mayor rezago social\u201d, afirm\u00f3 el Gobernador del Estado, Salom\u00f3n Jara Cruz.<\/p>\n\n\n\n<p>Durante la firma del Convenio Marco de Colaboraci\u00f3n con el Consejo Nacional de Evaluaci\u00f3n de la Pol\u00edtica de Desarrollo Social (Coneval), lament\u00f3 que 60% de la poblaci\u00f3n del estado se encuentre en situaci\u00f3n de pobreza multidimensional y, a nivel municipal, 517 de los 570 municipios mantengan 50% o m\u00e1s de su poblaci\u00f3n en situaci\u00f3n de pobreza multidimensional.<\/p>\n\n\n\n<p>En este sentido, afirm\u00f3 que su Gobierno atender\u00e1 a quienes m\u00e1s lo necesitan, principalmente a pueblos y comunidades ind\u00edgenas, y en los pr\u00f3ximos d\u00edas se dar\u00e1 a conocer la estrategia de Territorios Bienestar, a partir de un diagn\u00f3stico espec\u00edfico a nivel municipal para atender a las 85 municipalidades que concentran la pobreza extrema en Oaxaca.<\/p>\n\n\n\n<p>Explic\u00f3 que se combatir\u00e1n las carencias sociales en los municipios cuya poblaci\u00f3n ind\u00edgena es superior a 95%, y la zona de Los Chimalapas, ubicada en la zona centro del Istmo de Tehuantepec, la cual se ha definido como prioritaria.<\/p>\n\n\n\n<p>Al firmar el acuerdo con el Secretario Ejecutivo del organismo, Jos\u00e9 Nabor Cruz Marcelo, dijo que se necesita evolucionar y cambiar el enfoque con el que se mide la pobreza. \u201cA diferencia de los gobiernos anteriores, nosotros no vamos a maquillar ni a manipular la realidad. Reconocemos la importancia de tomar decisiones basadas en los datos\u201d.<\/p>\n\n\n\n<p>El titular de la Gubernatura de Oaxaca, dijo que la efectividad de las pol\u00edticas de combate a la pobreza requiere informaci\u00f3n de calidad para medir la intervenci\u00f3n del Gobierno en donde m\u00e1s se requiere, sin descuidar el gran objetivo de contribuir a un estado de bienestar en los 570 municipios, destac\u00f3.<\/p>\n\n\n\n<p><br>\u201cHoy m\u00e1s que nunca volteamos a ver a las comunidades m\u00e1s alejadas y m\u00e1s ignoradas. Ahora ser\u00e1n estos sectores los principales factores de la pol\u00edtica de bienestar desde una perspectiva m\u00e1s amplia e integral reconociendo las formas de organizaci\u00f3n y el valor de nuestros sistemas comunitarios\u201d, enfatiz\u00f3.<\/p>\n\n\n\n<p><br>En su intervenci\u00f3n, el Secretario Ejecutivo del organismo, Jos\u00e9 Nabor Cruz Marcelo, dijo que el Coneval genera mucha informaci\u00f3n estrat\u00e9gica no solamente en el \u00e1mbito del Gobierno Federal, sino tambi\u00e9n para las entidades estatales y los gobiernos municipales.<\/p>\n\n\n\n<p><br>A su vez, la secretaria de Bienestar, Tequio e Inclusi\u00f3n (Sebienti), Laura Estrada Mauro destac\u00f3 que los gobiernos anteriores dejaron un legado de abandono de la poblaci\u00f3n afectada por la pobreza y pobreza extrema; pero con la pol\u00edtica de la nueva administraci\u00f3n se busca asegurar la atenci\u00f3n en salud, alimentaci\u00f3n, educaci\u00f3n, vivienda y seguridad social a las familias oaxaque\u00f1as.<\/p>\n\n\n\n<p><br>El jefe de Gabinete, Jos\u00e9 Antonio Rueda M\u00e1rquez dijo que, con este convenio, se hace un compromiso a fondo, real y aut\u00e9ntico para desarrollar todas las pol\u00edticas que mejoren la realidad lacerante que lastima a la sociedad.<\/p>\n\n\n\n<p>En el acto estuvieron presentes Geovany V\u00e1squez Sagrero, Consejero Jur\u00eddico del Gobierno del Estado y el diputado Luis Alfonso Silva Romo, presidente de la Junta de Coordinaci\u00f3n Pol\u00edtica de la LXV Legislatura del Estado.<\/p>\n\n\n\n\n\n<figure class=\"wp-block-image size-large\"><img decoding=\"async\" src=\"https:\/\/contextoinformacionyanalisisperiodistico.files.wordpress.com\/2023\/02\/img-20230220-wa00436482488389430390737.jpg?w=1024\" alt=\"\" class=\"wp-image-8793\" \/><\/figure>\n\n\n\n<figure class=\"wp-block-image\"><img decoding=\"async\" src=\"https:\/\/contextoinformacionyanalisisperiodistico.files.wordpress.com\/2023\/02\/img-20230220-wa00442850168801030979385.jpg?w=1024\" alt=\"\" class=\"wp-image-8794\" \/><\/figure>\n\n\n\n<figure class=\"wp-block-image\"><img decoding=\"async\" src=\"https:\/\/contextoinformacionyanalisisperiodistico.files.wordpress.com\/2023\/02\/img-20230220-wa00461711538261401857430.jpg?w=1024\" alt=\"\" class=\"wp-image-8795\" \/><\/figure>\n\n\n\n<figure class=\"wp-block-image\"><img decoding=\"async\" src=\"https:\/\/contextoinformacionyanalisisperiodistico.files.wordpress.com\/2023\/02\/img-20230220-wa00475229644971952005904.jpg?w=1024\" alt=\"\" class=\"wp-image-8792\" \/><\/figure>\n","protected":false},"excerpt":{"rendered":"<p>\u2022 Oaxaca no est\u00e1 condenado a la pobreza, la marginaci\u00f3n, ni al olvido como en&#8230;<\/p>\n","protected":false},"author":2,"featured_media":8791,"comment_status":"open","ping_status":"open","sticky":false,"template":"","format":"standard","meta":{"footnotes":""},"categories":[9],"tags":[],"jetpack_sharing_enabled":true,"featured_image_urls":{"full":"","thumbnail":"","medium":"","medium_large":"","large":"","1536x1536":"","2048x2048":"","covernews-slider-full":"","covernews-slider-center":"","covernews-featured":"","covernews-medium":"","covernews-medium-square":""},"author_info":{"display_name":"Miguel","author_link":"https:\/\/contextoanalisisperiodistico.com\/index.php\/author\/editor\/"},"category_info":"<a href=\"https:\/\/contextoanalisisperiodistico.com\/index.php\/category\/politica\/\" rel=\"category tag\">Pol\u00edtica<\/a>","tag_info":"Pol\u00edtica","comment_count":"0","jetpack_featured_media_url":"","_links":{"self":[{"href":"https:\/\/contextoanalisisperiodistico.com\/index.php\/wp-json\/wp\/v2\/posts\/8789"}],"collection":[{"href":"https:\/\/contextoanalisisperiodistico.com\/index.php\/wp-json\/wp\/v2\/posts"}],"about":[{"href":"https:\/\/contextoanalisisperiodistico.com\/index.php\/wp-json\/wp\/v2\/types\/post"}],"author":[{"embeddable":true,"href":"https:\/\/contextoanalisisperiodistico.com\/index.php\/wp-json\/wp\/v2\/users\/2"}],"replies":[{"embeddable":true,"href":"https:\/\/contextoanalisisperiodistico.com\/index.php\/wp-json\/wp\/v2\/comments?post=8789"}],"version-history":[{"count":0,"href":"https:\/\/contextoanalisisperiodistico.com\/index.php\/wp-json\/wp\/v2\/posts\/8789\/revisions"}],"wp:featuredmedia":[{"embeddable":true,"href":"https:\/\/contextoanalisisperiodistico.com\/index.php\/wp-json\/"}],"wp:attachment":[{"href":"https:\/\/contextoanalisisperiodistico.com\/index.php\/wp-json\/wp\/v2\/media?parent=8789"}],"wp:term":[{"taxonomy":"category","embeddable":true,"href":"https:\/\/contextoanalisisperiodistico.com\/index.php\/wp-json\/wp\/v2\/categories?post=8789"},{"taxonomy":"post_tag","embeddable":true,"href":"https:\/\/contextoanalisisperiodistico.com\/index.php\/wp-json\/wp\/v2\/tags?post=8789"}],"curies":[{"name":"wp","href":"https:\/\/api.w.org\/{rel}","templated":true}]}}