{"id":8748,"date":"2023-02-19T10:30:01","date_gmt":"2023-02-19T16:30:01","guid":{"rendered":"http:\/\/contextoanalisisperiodistico.com.mx\/?p=8748"},"modified":"2023-02-19T10:30:01","modified_gmt":"2023-02-19T16:30:01","slug":"impulsa-gobierno-de-oaxaca-el-desarrollo-economico-de-maestros-artesanos-2","status":"publish","type":"post","link":"https:\/\/contextoanalisisperiodistico.com\/index.php\/2023\/02\/19\/impulsa-gobierno-de-oaxaca-el-desarrollo-economico-de-maestros-artesanos-2\/","title":{"rendered":"Impulsa Gobierno de Oaxaca el desarrollo econ\u00f3mico de maestros artesanos"},"content":{"rendered":"<div id=\"fb-root\"><\/div>\n\n<p>\u2022 Impartir\u00e1 de manera gratuita diferentes cursos, entre ellos el de Manejo y operaci\u00f3n del portal del SAT<\/p>\n\n\n\n<p>Oaxaca de Ju\u00e1rez, Oax. 19 de febrero de 2023.- El Instituto para el Fomento y Protecci\u00f3n de las Artesan\u00edas (IFPA), impartir\u00e1 a partir de este lunes 20 de febrero, talleres y capacitaciones dirigidos al fortalecimiento del trabajo que realizan las y los maestros artesanos de la entidad.<\/p>\n\n\n\n<p>El titular de la dependencia, Emilio de Leo Blanco, expres\u00f3 que a trav\u00e9s de estos cursos, los cuales se brindar\u00e1n de manera virtual y presencial sin costo alguno, el Gobierno del Estado busca impulsar el desarrollo de este sector, para mejorar las condiciones de vida de las familias artesanas.<\/p>\n\n\n\n<p>Entre las capacitaciones a impartirse destacan: Manejo de redes sociales, Fotograf\u00eda a trav\u00e9s de dispositivos m\u00f3viles, Embalaje, Registro de marca, as\u00ed como Manejo y operaci\u00f3n del portal del Sistema de Administraci\u00f3n Tributaria (SAT), para la expedici\u00f3n de facturas, firma electr\u00f3nica, e-firma e inscripci\u00f3n al SAT.<\/p>\n\n\n\n<p>Los maestros y maestras artesanas interesadas en participar deber\u00e1n acudir a las instalaciones del IFPA, ubicadas en la calle Manuel Garc\u00eda Vigil 809 en el Centro Hist\u00f3rico de la Ciudad de Oaxaca, en horario de 10:00 a 15:00 horas.<\/p>\n\n\n\n<p>En el Departamento de Capacitaci\u00f3n y Programas Sociales deber\u00e1n presentar un oficio de solicitud de capacitaci\u00f3n dirigido al director general del Instituto, Jes\u00fas Emilio de Leo Blanco o mandarlo por correo electr\u00f3nico a la direcci\u00f3n capacitaciones.artesanias.oaxaca@gmail.com.<\/p>\n\n\n\n<p>En ambos casos deber\u00e1n presentar su credencial actualizada y expedida por el IFPA, que les acredita como persona artesana.<\/p>\n\n\n\n<p>Para mayor informaci\u00f3n pueden comunicarse con el jefe del Departamento de Capacitaci\u00f3n y Programas Sociales, Sergio Luis Hern\u00e1ndez Salinas, al n\u00famero telef\u00f3nico 951 163 2762.<\/p>\n\n\n\n<p>-0-<\/p>\n","protected":false},"excerpt":{"rendered":"<p>\u2022 Impartir\u00e1 de manera gratuita diferentes cursos, entre ellos el de Manejo y operaci\u00f3n del&#8230;<\/p>\n","protected":false},"author":2,"featured_media":0,"comment_status":"open","ping_status":"open","sticky":false,"template":"","format":"standard","meta":{"footnotes":""},"categories":[6],"tags":[],"jetpack_sharing_enabled":true,"featured_image_urls":{"full":"","thumbnail":"","medium":"","medium_large":"","large":"","1536x1536":"","2048x2048":"","covernews-slider-full":"","covernews-slider-center":"","covernews-featured":"","covernews-medium":"","covernews-medium-square":""},"author_info":{"display_name":"Miguel","author_link":"https:\/\/contextoanalisisperiodistico.com\/index.php\/author\/editor\/"},"category_info":"<a href=\"https:\/\/contextoanalisisperiodistico.com\/index.php\/category\/legislatura\/\" rel=\"category tag\">Legislatura<\/a>","tag_info":"Legislatura","comment_count":"0","jetpack_featured_media_url":"","_links":{"self":[{"href":"https:\/\/contextoanalisisperiodistico.com\/index.php\/wp-json\/wp\/v2\/posts\/8748"}],"collection":[{"href":"https:\/\/contextoanalisisperiodistico.com\/index.php\/wp-json\/wp\/v2\/posts"}],"about":[{"href":"https:\/\/contextoanalisisperiodistico.com\/index.php\/wp-json\/wp\/v2\/types\/post"}],"author":[{"embeddable":true,"href":"https:\/\/contextoanalisisperiodistico.com\/index.php\/wp-json\/wp\/v2\/users\/2"}],"replies":[{"embeddable":true,"href":"https:\/\/contextoanalisisperiodistico.com\/index.php\/wp-json\/wp\/v2\/comments?post=8748"}],"version-history":[{"count":0,"href":"https:\/\/contextoanalisisperiodistico.com\/index.php\/wp-json\/wp\/v2\/posts\/8748\/revisions"}],"wp:attachment":[{"href":"https:\/\/contextoanalisisperiodistico.com\/index.php\/wp-json\/wp\/v2\/media?parent=8748"}],"wp:term":[{"taxonomy":"category","embeddable":true,"href":"https:\/\/contextoanalisisperiodistico.com\/index.php\/wp-json\/wp\/v2\/categories?post=8748"},{"taxonomy":"post_tag","embeddable":true,"href":"https:\/\/contextoanalisisperiodistico.com\/index.php\/wp-json\/wp\/v2\/tags?post=8748"}],"curies":[{"name":"wp","href":"https:\/\/api.w.org\/{rel}","templated":true}]}}