{"id":8739,"date":"2023-02-19T10:25:06","date_gmt":"2023-02-19T16:25:06","guid":{"rendered":"http:\/\/contextoanalisisperiodistico.com.mx\/?p=8739"},"modified":"2023-02-19T10:25:06","modified_gmt":"2023-02-19T16:25:06","slug":"avanza-la-construccion-de-la-autopista-barranca-larga-ventanilla","status":"publish","type":"post","link":"https:\/\/contextoanalisisperiodistico.com\/index.php\/2023\/02\/19\/avanza-la-construccion-de-la-autopista-barranca-larga-ventanilla\/","title":{"rendered":"Avanza la construcci\u00f3n de la autopista Barranca Larga-Ventanilla"},"content":{"rendered":"<div id=\"fb-root\"><\/div>\n\n<p>\u2022 El secretario de Infraestructuras y Comunicaciones realiz\u00f3 un recorrido en esta importante v\u00eda para constatar los avances<\/p>\n\n\n\n<p>San Vicente Coatl\u00e1n, Oax. 19 de febrero de 2023.- Atendiendo las instrucciones del Gobernador Salom\u00f3n Jara, el secretario de Infraestructuras y Comunicaciones, Netzahualc\u00f3yotl Salvatierra L\u00f3pez realiz\u00f3 un recorrido de supervisi\u00f3n en los trabajos de la autopista Barranca Larga-Ventanilla.<\/p>\n\n\n\n<p>Junto al director general de la Secretar\u00eda de Infraestructura, Comunicaciones y Transportes (SICT) en Oaxaca, Jos\u00e9 Luis Chida Pardo, el funcionario estatal constat\u00f3 los avances del viaducto en el kil\u00f3metro 117+200, cuyas labores se reiniciaron luego de la disposici\u00f3n de las autoridades de San Vicente Coatl\u00e1n para permitir que contin\u00fae la obra.<\/p>\n\n\n\n<p>En este contexto, se realiz\u00f3 una reuni\u00f3n de evaluaci\u00f3n en el entronque que comunicar\u00e1 a esta comunidad, como parte de las de la supervisi\u00f3n de los avances de la autopista, que traer\u00e1 grandes beneficios en materia social, econ\u00f3mica y tur\u00edstica para Oaxaca.<\/p>\n\n\n\n<p>En este encuentro, Salvatierra L\u00f3pez expuso a las y los habitantes los avances de la obra as\u00ed como los trabajos que se iniciar\u00e1n para dar continuidad a este importante proyecto que consta de una zona de cobro con dos carriles r\u00e1pidos, dos unidireccionales que van de Oaxaca a Puerto Escondido y de Puerto Escondido a Oaxaca y tres bidireccionales que tendr\u00e1n paso de Oaxaca-Puerto Escondido y Puerto Escondido Oaxaca, con la finalidad de que estos carriles proporcionen un mejor servicio al usuario.<\/p>\n\n\n\n<figure class=\"wp-block-image size-large\"><img decoding=\"async\" src=\"https:\/\/contextoinformacionyanalisisperiodistico.files.wordpress.com\/2023\/02\/img-20230219-wa00286955132769135210191.jpg?w=1024\" alt=\"\" class=\"wp-image-8746\"><\/figure>\n\n\n\n<figure class=\"wp-block-image\"><img decoding=\"async\" src=\"https:\/\/contextoinformacionyanalisisperiodistico.files.wordpress.com\/2023\/02\/img-20230219-wa00315754295316992093134.jpg?w=1024\" alt=\"\" class=\"wp-image-8742\"><\/figure>\n\n\n\n<figure class=\"wp-block-image\"><img decoding=\"async\" src=\"https:\/\/contextoinformacionyanalisisperiodistico.files.wordpress.com\/2023\/02\/img-20230219-wa00271142895539996525760.jpg?w=1024\" alt=\"\" class=\"wp-image-8743\"><\/figure>\n\n\n\n<figure class=\"wp-block-image\"><img decoding=\"async\" src=\"https:\/\/contextoinformacionyanalisisperiodistico.files.wordpress.com\/2023\/02\/img-20230219-wa00267071075537804423975.jpg?w=1024\" alt=\"\" class=\"wp-image-8745\"><\/figure>\n\n\n\n<figure class=\"wp-block-image\"><img decoding=\"async\" src=\"https:\/\/contextoinformacionyanalisisperiodistico.files.wordpress.com\/2023\/02\/img-20230219-wa00308482771979468012012.jpg?w=1024\" alt=\"\" class=\"wp-image-8744\"><\/figure>\n","protected":false},"excerpt":{"rendered":"<p>\u2022 El secretario de Infraestructuras y Comunicaciones realiz\u00f3 un recorrido en esta importante v\u00eda para&#8230;<\/p>\n","protected":false},"author":2,"featured_media":8741,"comment_status":"open","ping_status":"open","sticky":false,"template":"","format":"standard","meta":{"footnotes":""},"categories":[9],"tags":[],"jetpack_sharing_enabled":true,"featured_image_urls":{"full":"","thumbnail":"","medium":"","medium_large":"","large":"","1536x1536":"","2048x2048":"","covernews-slider-full":"","covernews-slider-center":"","covernews-featured":"","covernews-medium":"","covernews-medium-square":""},"author_info":{"display_name":"Miguel","author_link":"https:\/\/contextoanalisisperiodistico.com\/index.php\/author\/editor\/"},"category_info":"<a href=\"https:\/\/contextoanalisisperiodistico.com\/index.php\/category\/politica\/\" rel=\"category tag\">Pol\u00edtica<\/a>","tag_info":"Pol\u00edtica","comment_count":"0","jetpack_featured_media_url":"","_links":{"self":[{"href":"https:\/\/contextoanalisisperiodistico.com\/index.php\/wp-json\/wp\/v2\/posts\/8739"}],"collection":[{"href":"https:\/\/contextoanalisisperiodistico.com\/index.php\/wp-json\/wp\/v2\/posts"}],"about":[{"href":"https:\/\/contextoanalisisperiodistico.com\/index.php\/wp-json\/wp\/v2\/types\/post"}],"author":[{"embeddable":true,"href":"https:\/\/contextoanalisisperiodistico.com\/index.php\/wp-json\/wp\/v2\/users\/2"}],"replies":[{"embeddable":true,"href":"https:\/\/contextoanalisisperiodistico.com\/index.php\/wp-json\/wp\/v2\/comments?post=8739"}],"version-history":[{"count":0,"href":"https:\/\/contextoanalisisperiodistico.com\/index.php\/wp-json\/wp\/v2\/posts\/8739\/revisions"}],"wp:featuredmedia":[{"embeddable":true,"href":"https:\/\/contextoanalisisperiodistico.com\/index.php\/wp-json\/"}],"wp:attachment":[{"href":"https:\/\/contextoanalisisperiodistico.com\/index.php\/wp-json\/wp\/v2\/media?parent=8739"}],"wp:term":[{"taxonomy":"category","embeddable":true,"href":"https:\/\/contextoanalisisperiodistico.com\/index.php\/wp-json\/wp\/v2\/categories?post=8739"},{"taxonomy":"post_tag","embeddable":true,"href":"https:\/\/contextoanalisisperiodistico.com\/index.php\/wp-json\/wp\/v2\/tags?post=8739"}],"curies":[{"name":"wp","href":"https:\/\/api.w.org\/{rel}","templated":true}]}}