{"id":8691,"date":"2023-02-18T19:11:58","date_gmt":"2023-02-19T01:11:58","guid":{"rendered":"http:\/\/contextoanalisisperiodistico.com.mx\/?p=8691"},"modified":"2023-02-18T19:11:58","modified_gmt":"2023-02-19T01:11:58","slug":"historica-pavimentacion-inaugura-martinez-neri-en-san-juan-chapultepec","status":"publish","type":"post","link":"https:\/\/contextoanalisisperiodistico.com\/index.php\/2023\/02\/18\/historica-pavimentacion-inaugura-martinez-neri-en-san-juan-chapultepec\/","title":{"rendered":"Historica pavimentaci\u00f3n,    inaugura Mart\u00ednez Neri en San Juan Chapultepec"},"content":{"rendered":"<div id=\"fb-root\"><\/div>\n\n<p>*Francisco Mart\u00ednez Neri satisface demanda que por m\u00e1s de 50 a\u00f1os ten\u00edan habitantes de San Juan Chapultepec.<\/p>\n\n\n\n<p>&nbsp;* Se invirtieron 8 millones 3 mil 937 pesos. Se benefician 1,106 personas.<\/p>\n\n\n\n<p>\u201cEstamos felices de anunciar que finalmente damos respuesta a lo que la gente tanto ped\u00eda\u201d, expres\u00f3 el edil capitalino, Francisco Mart\u00ednez Neri, en la inauguraci\u00f3n de la obra de pavimentaci\u00f3n&nbsp;con concreto hidr\u00e1ulico (primera etapa) en la Agencia Municipal de San Juan Chapultepec, sector plazuela, en la&nbsp;carretera antigua a Monte Alb\u00e1n, del tramo de la Fundici\u00f3n a la carretera a Xoxocotl\u00e1n<\/p>\n\n\n\n<p>La realizaci\u00f3n de esta obra p\u00fablica, con una inversi\u00f3n de $8,003,937.41, traer\u00e1 un amplio beneficio a 1,106 habitantes del municipio de Oaxaca de Ju\u00e1rez, pues podr\u00e1n disfrutar de una circulaci\u00f3n m\u00e1s fluida y segura, lo que permitir\u00e1 una mayor comodidad en sus desplazamientos cotidianos.<\/p>\n\n\n\n<p>&nbsp;<br \/>En el acto, acompa\u00f1ado de la secretaria de Obras P\u00fablicas y Desarrollo Urbano, Denisse Arandia Valencia, el agente Municipal de San Juan Chapultepec, H\u00e9ctor Ram\u00edrez Mendoza, la sindica Primera, Nancy Belem Mota Figueroa, el regidor de Obras P\u00fablicas y Desarrollo Urbano y de Centro Hist\u00f3rico, Pavel Renato L\u00f3pez G\u00f3mez, la regidora de Hacienda Municipal y de Transparencia y Gobierno Abierto, Judith Carre\u00f1o Hernandez, la regidora de Seguridad Ciudadana y Movilidad y de Agencias y Colonias, Claudia Tapia Nolasco, la regidora de Desarrollo Econ\u00f3mico y Mejora Regulatoria, Irasema Aquino Gonz\u00e1lez y el secretario de Seguridad Ciudadana, Movilidad y Protecci\u00f3n Civil, Ra\u00fal \u00c1vila Ibarra, el primer concejal expres\u00f3 que esta obra representa una estrategia de movilidad, pues esto permitir\u00e1 llegar a espacios importantes como lo es la zona arqueol\u00f3gica de Monte Alb\u00e1n.<br \/>\u201cTenemos que responder a las&nbsp;grandes necesidades y creo que lo hemos hecho bien. Recorriendo la obra terminada, se logra apreciar una visual urbana, bonita y agradable\u201d, puntualiz\u00f3 el edil.<\/p>\n\n\n\n<p>En este sentido, el agente municipal, H\u00e9ctor Ram\u00edrez Mendoza, manifest\u00f3 su agradecimiento al presidente municipal, pues en m\u00e1s de 50 a\u00f1os no se atend\u00eda esta calle.&nbsp;\u201cTodo gobierno comprometido es un excelente gobierno. Mi reconocimiento se\u00f1or presidente. Enhorabuena vamos a seguir haciendo equipo\u201d finaliz\u00f3.<\/p>\n\n\n\n<p>De esta manera, la emoci\u00f3n y el agradecimiento de los ciudadanos&nbsp;presentes es el&nbsp;reflejo del impacto positivo que la obra tiene en&nbsp;la agencia. Este es un paso importante del gobierno que encabeza Francisco Mart\u00ednez Neri hacia el desarrollo urbano y la mejora de la movilidad, y el comienzo de m\u00e1s proyectos que transforman el futuro de Oaxaca de Ju\u00e1rez.<\/p>\n\n\n\n<figure class=\"wp-block-image size-large\"><img decoding=\"async\" src=\"https:\/\/contextoinformacionyanalisisperiodistico.files.wordpress.com\/2023\/02\/img-20230218-wa00322891447397771747230.jpg?w=1024\" alt=\"\" class=\"wp-image-8693\" \/><\/figure>\n\n\n\n<figure class=\"wp-block-image\"><img decoding=\"async\" src=\"https:\/\/contextoinformacionyanalisisperiodistico.files.wordpress.com\/2023\/02\/img-20230218-wa00474397177939592387689.jpg?w=1024\" alt=\"\" class=\"wp-image-8694\" \/><\/figure>\n\n\n\n<figure class=\"wp-block-image\"><img decoding=\"async\" src=\"https:\/\/contextoinformacionyanalisisperiodistico.files.wordpress.com\/2023\/02\/img-20230218-wa00454713559168724109623.jpg?w=1024\" alt=\"\" class=\"wp-image-8695\" \/><\/figure>\n\n\n\n<figure class=\"wp-block-image\"><img decoding=\"async\" src=\"https:\/\/contextoinformacionyanalisisperiodistico.files.wordpress.com\/2023\/02\/img-20230218-wa0033311416418037276810.jpg?w=1024\" alt=\"\" class=\"wp-image-8696\" \/><\/figure>\n","protected":false},"excerpt":{"rendered":"<p>*Francisco Mart\u00ednez Neri satisface demanda que por m\u00e1s de 50 a\u00f1os ten\u00edan habitantes de San&#8230;<\/p>\n","protected":false},"author":2,"featured_media":8692,"comment_status":"open","ping_status":"open","sticky":false,"template":"","format":"standard","meta":{"footnotes":""},"categories":[3],"tags":[],"jetpack_sharing_enabled":true,"featured_image_urls":{"full":"","thumbnail":"","medium":"","medium_large":"","large":"","1536x1536":"","2048x2048":"","covernews-slider-full":"","covernews-slider-center":"","covernews-featured":"","covernews-medium":"","covernews-medium-square":""},"author_info":{"display_name":"Miguel","author_link":"https:\/\/contextoanalisisperiodistico.com\/index.php\/author\/editor\/"},"category_info":"<a href=\"https:\/\/contextoanalisisperiodistico.com\/index.php\/category\/ciudad\/\" rel=\"category tag\">Ciudad<\/a>","tag_info":"Ciudad","comment_count":"0","jetpack_featured_media_url":"","_links":{"self":[{"href":"https:\/\/contextoanalisisperiodistico.com\/index.php\/wp-json\/wp\/v2\/posts\/8691"}],"collection":[{"href":"https:\/\/contextoanalisisperiodistico.com\/index.php\/wp-json\/wp\/v2\/posts"}],"about":[{"href":"https:\/\/contextoanalisisperiodistico.com\/index.php\/wp-json\/wp\/v2\/types\/post"}],"author":[{"embeddable":true,"href":"https:\/\/contextoanalisisperiodistico.com\/index.php\/wp-json\/wp\/v2\/users\/2"}],"replies":[{"embeddable":true,"href":"https:\/\/contextoanalisisperiodistico.com\/index.php\/wp-json\/wp\/v2\/comments?post=8691"}],"version-history":[{"count":0,"href":"https:\/\/contextoanalisisperiodistico.com\/index.php\/wp-json\/wp\/v2\/posts\/8691\/revisions"}],"wp:featuredmedia":[{"embeddable":true,"href":"https:\/\/contextoanalisisperiodistico.com\/index.php\/wp-json\/"}],"wp:attachment":[{"href":"https:\/\/contextoanalisisperiodistico.com\/index.php\/wp-json\/wp\/v2\/media?parent=8691"}],"wp:term":[{"taxonomy":"category","embeddable":true,"href":"https:\/\/contextoanalisisperiodistico.com\/index.php\/wp-json\/wp\/v2\/categories?post=8691"},{"taxonomy":"post_tag","embeddable":true,"href":"https:\/\/contextoanalisisperiodistico.com\/index.php\/wp-json\/wp\/v2\/tags?post=8691"}],"curies":[{"name":"wp","href":"https:\/\/api.w.org\/{rel}","templated":true}]}}