{"id":8682,"date":"2023-02-18T07:54:43","date_gmt":"2023-02-18T13:54:43","guid":{"rendered":"http:\/\/contextoanalisisperiodistico.com.mx\/?p=8682"},"modified":"2023-02-18T07:54:43","modified_gmt":"2023-02-18T13:54:43","slug":"municipio-capitalino-en-gran-paso-para-justicia-y-transparencia-combatiendo-corrupcion","status":"publish","type":"post","link":"https:\/\/contextoanalisisperiodistico.com\/index.php\/2023\/02\/18\/municipio-capitalino-en-gran-paso-para-justicia-y-transparencia-combatiendo-corrupcion\/","title":{"rendered":"Municipio capitalino en gran paso para justicia y transparencia, combatiendo corrupci\u00f3n"},"content":{"rendered":"<div id=\"fb-root\"><\/div>\n\n<p>\u201cEste municipio est\u00e1 haciendo cosas buenas y distintas que tienen que ver con el combate a la corrupci\u00f3n y la impunidad, un reto que se tiene que vencer\u201d expres\u00f3 el edil citadino, Francisco Mart\u00ednez Neri, en el marco de la presentaci\u00f3n del proyecto TEO-OAXACA, coordinado por el municipio de capitalino y la organizaci\u00f3n TOJIL A.C.<\/p>\n\n\n\n<p>Esta iniciativa tiene como objetivo atender a las personas v\u00edctimas de corrupci\u00f3n e impunidad a trav\u00e9s de un chatbot para que estas puedan ser canalizadas a las fiscal\u00edas para su investigaci\u00f3n.<\/p>\n\n\n\n<p>En este sentido, el contralor Interno Municipal de Oaxaca de Ju\u00e1rez, Francisco Carrera Sedano, enfatiz\u00f3 que dise\u00f1ar pol\u00edticas p\u00fablicas y toma de decisiones que sean inclusivas, transparentes y eficaces es imperativo en estos momentos. \u201cEs un tema oportuno cuando se trata de mejorar la apertura y la comunicaci\u00f3n con la ciudadan\u00eda\u201d, puntualiz\u00f3.<\/p>\n\n\n\n<p>En su participaci\u00f3n, el edil capitalino, acompa\u00f1ado del contralor Interno Municipal, Francisco Carrera Sedano, la presidenta Honoraria del Comit\u00e9 Municipal del Sistema para el Desarrollo Integral de la Familia (DIF), Bernarda Gonz\u00e1lez Rivas, las cofundadoras y codirectoras de Tojil, A.C.; Adriana Greaves Mu\u00f1oz, Estefan\u00eda Medina Ruvalcaba, la directora de Litigio, Yolanda Cuevas Quevedo, la coordinadora del Programa de Rendici\u00f3n de Cuentas y Transparencia de la Oficina de Asuntos Antinarc\u00f3ticos y Aplicaci\u00f3n de la Ley de la Embajada de Estados Unidos en M\u00e9xico en representaci\u00f3n de la Embajada, Constanza Nuche y la regidora de Agencias Barrios y Colonias, Claudia Tapia Nolasco, se\u00f1al\u00f3 que de esta forma se podr\u00e1 transparentar el actuar de las y los servidores p\u00fablicos y mejorar la calidad del servicio de justicia.<\/p>\n\n\n\n<p>\u201cEl problema de la corrupci\u00f3n y la impunidad es una cuesti\u00f3n grave que ocurre en nuestro pa\u00eds. Estoy convencido de que combatirlos no implica solamente la voluntad pol\u00edtica, requiere procedimientos, manuales, normas y un conjunto de circunstancias que hagan posible que se puedan combatir\u201d, manifest\u00f3, Mart\u00ednez Neri.<\/p>\n\n\n\n<p>En representaci\u00f3n del titular de la Fiscal\u00eda General del Estado de Oaxaca, el Fiscal Especializado en Delitos de Alto Impacto, Juventino P\u00e9rez G\u00f3mez, mencion\u00f3 que la corrupci\u00f3n socava la confianza de la sociedad en las instituciones, provocando un c\u00edrculo vicioso que fomenta este tipo de pr\u00e1cticas.<\/p>\n\n\n\n<p>\u201cMe alegro de que TEO ahora tambi\u00e9n llegue al municipio de Oaxaca de Ju\u00e1rez enhorabuena por implementar acciones que permitan inhibir los actos de corrupci\u00f3n\u201d acot\u00f3.<\/p>\n\n\n\n<figure class=\"wp-block-image size-large\"><img decoding=\"async\" src=\"https:\/\/contextoinformacionyanalisisperiodistico.files.wordpress.com\/2023\/02\/img-20230218-wa00072583814099524038163.jpg?w=1024\" alt=\"\" class=\"wp-image-8685\" \/><\/figure>\n\n\n\n<figure class=\"wp-block-image size-large\"><img decoding=\"async\" src=\"https:\/\/contextoinformacionyanalisisperiodistico.files.wordpress.com\/2023\/02\/img-20230218-wa00063285270005825629143.jpg?w=1024\" alt=\"\" class=\"wp-image-8686\" \/><\/figure>\n\n\n\n<figure class=\"wp-block-image\"><img decoding=\"async\" src=\"https:\/\/contextoinformacionyanalisisperiodistico.files.wordpress.com\/2023\/02\/img-20230218-wa00016313602130566893152.jpg?w=1024\" alt=\"\" class=\"wp-image-8689\" \/><\/figure>\n\n\n\n<figure class=\"wp-block-image\"><img decoding=\"async\" src=\"https:\/\/contextoinformacionyanalisisperiodistico.files.wordpress.com\/2023\/02\/img-20230218-wa00029190905018778623131.jpg?w=1024\" alt=\"\" class=\"wp-image-8687\" \/><\/figure>\n\n\n\n<figure class=\"wp-block-image\"><img decoding=\"async\" src=\"https:\/\/contextoinformacionyanalisisperiodistico.files.wordpress.com\/2023\/02\/img-20230218-wa00008504906064847944848.jpg?w=682\" alt=\"\" class=\"wp-image-8688\" \/><\/figure>\n","protected":false},"excerpt":{"rendered":"<p>\u201cEste municipio est\u00e1 haciendo cosas buenas y distintas que tienen que ver con el combate&#8230;<\/p>\n","protected":false},"author":2,"featured_media":8684,"comment_status":"open","ping_status":"open","sticky":false,"template":"","format":"standard","meta":{"footnotes":""},"categories":[7],"tags":[],"jetpack_sharing_enabled":true,"featured_image_urls":{"full":"","thumbnail":"","medium":"","medium_large":"","large":"","1536x1536":"","2048x2048":"","covernews-slider-full":"","covernews-slider-center":"","covernews-featured":"","covernews-medium":"","covernews-medium-square":""},"author_info":{"display_name":"Miguel","author_link":"https:\/\/contextoanalisisperiodistico.com\/index.php\/author\/editor\/"},"category_info":"<a href=\"https:\/\/contextoanalisisperiodistico.com\/index.php\/category\/municipios\/\" rel=\"category tag\">Municipios<\/a>","tag_info":"Municipios","comment_count":"0","jetpack_featured_media_url":"","_links":{"self":[{"href":"https:\/\/contextoanalisisperiodistico.com\/index.php\/wp-json\/wp\/v2\/posts\/8682"}],"collection":[{"href":"https:\/\/contextoanalisisperiodistico.com\/index.php\/wp-json\/wp\/v2\/posts"}],"about":[{"href":"https:\/\/contextoanalisisperiodistico.com\/index.php\/wp-json\/wp\/v2\/types\/post"}],"author":[{"embeddable":true,"href":"https:\/\/contextoanalisisperiodistico.com\/index.php\/wp-json\/wp\/v2\/users\/2"}],"replies":[{"embeddable":true,"href":"https:\/\/contextoanalisisperiodistico.com\/index.php\/wp-json\/wp\/v2\/comments?post=8682"}],"version-history":[{"count":0,"href":"https:\/\/contextoanalisisperiodistico.com\/index.php\/wp-json\/wp\/v2\/posts\/8682\/revisions"}],"wp:featuredmedia":[{"embeddable":true,"href":"https:\/\/contextoanalisisperiodistico.com\/index.php\/wp-json\/"}],"wp:attachment":[{"href":"https:\/\/contextoanalisisperiodistico.com\/index.php\/wp-json\/wp\/v2\/media?parent=8682"}],"wp:term":[{"taxonomy":"category","embeddable":true,"href":"https:\/\/contextoanalisisperiodistico.com\/index.php\/wp-json\/wp\/v2\/categories?post=8682"},{"taxonomy":"post_tag","embeddable":true,"href":"https:\/\/contextoanalisisperiodistico.com\/index.php\/wp-json\/wp\/v2\/tags?post=8682"}],"curies":[{"name":"wp","href":"https:\/\/api.w.org\/{rel}","templated":true}]}}