{"id":8661,"date":"2023-02-17T12:38:09","date_gmt":"2023-02-17T18:38:09","guid":{"rendered":"http:\/\/contextoanalisisperiodistico.com.mx\/?p=8661"},"modified":"2023-02-17T12:38:09","modified_gmt":"2023-02-17T18:38:09","slug":"estamos-para-resolver-problemas-capitalinos-francisco-martinez-neri","status":"publish","type":"post","link":"https:\/\/contextoanalisisperiodistico.com\/index.php\/2023\/02\/17\/estamos-para-resolver-problemas-capitalinos-francisco-martinez-neri\/","title":{"rendered":"\u201cEstamos para resolver problemas capitalinos\u201d: Francisco Mart\u00ednez Neri"},"content":{"rendered":"<div id=\"fb-root\"><\/div>\n\n<p>(*) \u201cEstamos haci\u00e9ndolo\u201d, asegur\u00f3 el mun\u00edcipe<\/p>\n\n\n\n<p>Mario GIR\u00d3N<\/p>\n\n\n\n<p><br>\u201cLa autoridad debe servir para resolver problemas; para eso fueron nombrados. Y, es lo que estamos haciendo\u201d, dej\u00f3 en claro esta ma\u00f1ana, el presidente municipal, Francisco Mart\u00ednez Neri, luego de inaugurar un par de obras de rehabilitaci\u00f3n, la red de agua potable y drenaje sanitario, en la calle y privada, La Era, agencia de Polic\u00eda Candiani; una inversi\u00f3n global de un mill\u00f3n 239 mil 768 pesos, llev\u00f3 al final problemas que ven\u00edan arrastrando 320 habitantes.<\/p>\n\n\n\n<p><br>\u201cVamos a seguir trabajando por Oaxaca\u201d, agreg\u00f3 Mart\u00ednez Neri al destacar el paso importante dado esta ma\u00f1ana entre vecinos coordinados con la autoridad municipal, juntos, resolviendo un problema grave, lo cual se convierte en un rezago menos en Oaxaca de Ju\u00e1rez, agreg\u00f3 el representante popular.<\/p>\n\n\n\n<p><br>En compa\u00f1\u00eda del anfitri\u00f3n, el Agente de Polic\u00eda, Felipe Antonio Garc\u00eda Cruz, as\u00ed como de la Maestra, Yvonne Denisse Arandia Valencia, Secretaria de Obras p\u00fablicas y Desarrollo Urbano; funcionarios municipales y representantes del Comit\u00e9 de Vida Vecinal, el Edil de la ciudad destac\u00f3 \u201csiempre ser\u00e1 grato estar ante ciudadanos organizados y testigos, de un gobierno municipal privilegiando soluciones a problemas de vida\u201d.<\/p>\n\n\n\n<p><br>Entre Vicente Guerrero y Las Palmas se localiza la calle y privada La Era, en donde ejecutaron las obras de rehabilitaci\u00f3n tanto de la red de agua potable como la del sistema de drenaje. En la primera de ella se aplic\u00f3 una inversi\u00f3n de 372 mil 635 pesos en beneficio de 163 habitantes; en la segunda, 867 mil 133 pesos en beneficio de 157 pesos. Dinero federal del ramo 33 lo que en conjunto significa un mill\u00f3n 239 mil 768 pesos.<\/p>\n\n\n\n<figure class=\"wp-block-video\"><video controls src=\"https:\/\/contextoinformacionyanalisisperiodistico.files.wordpress.com\/2023\/02\/20230217_094814.mp4\"><\/video><\/figure>\n\n\n\n<figure class=\"wp-block-image size-large\"><img decoding=\"async\" src=\"https:\/\/contextoinformacionyanalisisperiodistico.files.wordpress.com\/2023\/02\/screenshot_20230217-121259_photos509437207949639108.jpg?w=720\" alt=\"\" class=\"wp-image-8665\" \/><\/figure>\n\n\n\n<figure class=\"wp-block-image\"><img decoding=\"async\" src=\"https:\/\/contextoinformacionyanalisisperiodistico.files.wordpress.com\/2023\/02\/20230217_0951319157373695246745250.jpg?w=1024\" alt=\"\" class=\"wp-image-8666\" \/><\/figure>\n","protected":false},"excerpt":{"rendered":"<p>(*) \u201cEstamos haci\u00e9ndolo\u201d, asegur\u00f3 el mun\u00edcipe Mario GIR\u00d3N \u201cLa autoridad debe servir para resolver problemas;&#8230;<\/p>\n","protected":false},"author":2,"featured_media":8664,"comment_status":"open","ping_status":"open","sticky":false,"template":"","format":"standard","meta":{"footnotes":""},"categories":[3],"tags":[15,26],"jetpack_sharing_enabled":true,"featured_image_urls":{"full":"","thumbnail":"","medium":"","medium_large":"","large":"","1536x1536":"","2048x2048":"","covernews-slider-full":"","covernews-slider-center":"","covernews-featured":"","covernews-medium":"","covernews-medium-square":""},"author_info":{"display_name":"Miguel","author_link":"https:\/\/contextoanalisisperiodistico.com\/index.php\/author\/editor\/"},"category_info":"<a href=\"https:\/\/contextoanalisisperiodistico.com\/index.php\/category\/ciudad\/\" rel=\"category tag\">Ciudad<\/a>","tag_info":"Ciudad","comment_count":"0","jetpack_featured_media_url":"","_links":{"self":[{"href":"https:\/\/contextoanalisisperiodistico.com\/index.php\/wp-json\/wp\/v2\/posts\/8661"}],"collection":[{"href":"https:\/\/contextoanalisisperiodistico.com\/index.php\/wp-json\/wp\/v2\/posts"}],"about":[{"href":"https:\/\/contextoanalisisperiodistico.com\/index.php\/wp-json\/wp\/v2\/types\/post"}],"author":[{"embeddable":true,"href":"https:\/\/contextoanalisisperiodistico.com\/index.php\/wp-json\/wp\/v2\/users\/2"}],"replies":[{"embeddable":true,"href":"https:\/\/contextoanalisisperiodistico.com\/index.php\/wp-json\/wp\/v2\/comments?post=8661"}],"version-history":[{"count":0,"href":"https:\/\/contextoanalisisperiodistico.com\/index.php\/wp-json\/wp\/v2\/posts\/8661\/revisions"}],"wp:featuredmedia":[{"embeddable":true,"href":"https:\/\/contextoanalisisperiodistico.com\/index.php\/wp-json\/"}],"wp:attachment":[{"href":"https:\/\/contextoanalisisperiodistico.com\/index.php\/wp-json\/wp\/v2\/media?parent=8661"}],"wp:term":[{"taxonomy":"category","embeddable":true,"href":"https:\/\/contextoanalisisperiodistico.com\/index.php\/wp-json\/wp\/v2\/categories?post=8661"},{"taxonomy":"post_tag","embeddable":true,"href":"https:\/\/contextoanalisisperiodistico.com\/index.php\/wp-json\/wp\/v2\/tags?post=8661"}],"curies":[{"name":"wp","href":"https:\/\/api.w.org\/{rel}","templated":true}]}}