{"id":8653,"date":"2023-02-17T10:52:01","date_gmt":"2023-02-17T16:52:01","guid":{"rendered":"http:\/\/contextoanalisisperiodistico.com.mx\/?p=8653"},"modified":"2023-02-17T10:52:01","modified_gmt":"2023-02-17T16:52:01","slug":"acciones-para-generar-crecimiento-desarrollo-y-bienestar-integraran-el-plan-de-desarrollo-de-oaxaca","status":"publish","type":"post","link":"https:\/\/contextoanalisisperiodistico.com\/index.php\/2023\/02\/17\/acciones-para-generar-crecimiento-desarrollo-y-bienestar-integraran-el-plan-de-desarrollo-de-oaxaca\/","title":{"rendered":"Acciones para generar crecimiento, desarrollo y bienestar integrar\u00e1n el Plan de Desarrollo de Oaxaca"},"content":{"rendered":"<div id=\"fb-root\"><\/div>\n\n<p>\u2022 Se construyen propuestas de Desarrollo Econ\u00f3mico para integrarlos en el Plan Estatal (PED) 2022 \u2013 2028<\/p>\n\n\n\n<p>Oaxaca de Ju\u00e1rez, Oax; 17 de febrero de 2023.- El secretario de Desarrollo Econ\u00f3mico, Ra\u00fal Ruiz Robles inform\u00f3 que el Plan Estatal de Desarroll\u00f3 (PED) 2022 \u2013 2028 integrar\u00e1 acciones para generar crecimiento econ\u00f3mico, desarrollo y bienestar para Oaxaca.<\/p>\n\n\n\n<p>En el marco del Foro Sectorial de Crecimiento y Desarrollo Econ\u00f3mico, afirm\u00f3 que el objetivo de esta administraci\u00f3n es atender a los sectores m\u00e1s vulnerables, reducir los niveles de marginaci\u00f3n y pobreza en el que viven miles de ciudadanos de las ocho regiones de Oaxaca.<\/p>\n\n\n\n<p>Con la participaci\u00f3n plural de todos los sectores, el PED se alinear\u00e1 a los principios de la Cuarta Transformaci\u00f3n que encabeza el presidente Andr\u00e9s Manuel L\u00f3pez Obrador, que consisten en dar atenci\u00f3n a los m\u00e1s pobres, combatir la corrupci\u00f3n y generar el bienestar de quienes han sido marginados por otros gobiernos.<\/p>\n\n\n\n<p>Ruiz Robles puntualiz\u00f3 que este ejercicio es hist\u00f3rico para Oaxaca, ya que se escucharon propuestas y necesidades de hombres y mujeres que mueven la econom\u00eda en las ocho regiones del estado.<\/p>\n\n\n\n<p>\u00abVamos a poner nuestro esfuerzo, compromiso, sensibilidad, habilidades y conocimientos; pero sobre todo el aprecio por nuestras comunidades para darle a Oaxaca la importancia que se merece por su riqueza hist\u00f3rica, cultural, social y \u00e9tnica\u00bb, indic\u00f3.<\/p>\n\n\n\n<p>En el Foro realizado en el Instituto Tecnol\u00f3gico de Oaxaca (ITO), se realizaron 12 mesas de trabajo: Financiamiento, Transferencia de Conocimiento y Tecnolog\u00edas, Empleo e Inclusi\u00f3n Social, Vinculaci\u00f3n Internacional, Fomento y Protecci\u00f3n Artesanal, Fuentes y Vinculaci\u00f3n de Empleos, adem\u00e1s de Fortalecimiento y Competitividad del Emprendimiento, Comercio y Atracci\u00f3n de Inversi\u00f3n, Desarrollo y Fortalecimiento Comercial, Sistema de Informaci\u00f3n Econ\u00f3mica y Mejora Regulatoria, as\u00ed como la Transformaci\u00f3n Laboral de Oaxaca.<\/p>\n\n\n\n<p>En el foro participaron la secretaria del Trabajo, Edith Santib\u00e1\u00f1ez, la presidenta de la Comisi\u00f3n permanente de Desarrollo Econ\u00f3mico, Industrial, Comercial y Artesanal de la 65 Legislatura Local, Leticia Socorro Collado Soto; el subdirector Acad\u00e9mico, Rub\u00e9n Doroteo Castillejos, en representaci\u00f3n de Fernando Toledo Toledo, director del Instituto Tecnol\u00f3gico de Oaxaca (ITO).<\/p>\n\n\n\n<p>Tambi\u00e9n estuvo presente la presidenta de COPARMEX Oaxaca, Laura Patricia Barranco Ruiz; el subsecretario de Desarrollo Sectorial y Mejora Regulatoria, Gerardo Medina Cano y la subsecretaria de Industria e Innovaci\u00f3n, Anjuly Saavedra, as\u00ed como representantes del sector artesanal, industrial, acad\u00e9mico y comercial, entre otros.<\/p>\n\n\n\n<p>-0-<\/p>\n\n\n\n<figure class=\"wp-block-image size-large\"><img decoding=\"async\" src=\"https:\/\/contextoinformacionyanalisisperiodistico.files.wordpress.com\/2023\/02\/img-20230217-wa00124390534145047007343.jpg?w=1024\" alt=\"\" class=\"wp-image-8657\" \/><\/figure>\n\n\n\n<figure class=\"wp-block-image\"><img decoding=\"async\" src=\"https:\/\/contextoinformacionyanalisisperiodistico.files.wordpress.com\/2023\/02\/img-20230217-wa00144476085366028449580.jpg?w=1024\" alt=\"\" class=\"wp-image-8658\" \/><\/figure>\n\n\n\n<figure class=\"wp-block-image\"><img decoding=\"async\" src=\"https:\/\/contextoinformacionyanalisisperiodistico.files.wordpress.com\/2023\/02\/img-20230217-wa00155837348696343996287.jpg?w=1024\" alt=\"\" class=\"wp-image-8655\" \/><\/figure>\n\n\n\n<figure class=\"wp-block-image\"><img decoding=\"async\" src=\"https:\/\/contextoinformacionyanalisisperiodistico.files.wordpress.com\/2023\/02\/img-20230217-wa0013667178436445309476.jpg?w=1024\" alt=\"\" class=\"wp-image-8656\" \/><\/figure>\n","protected":false},"excerpt":{"rendered":"<p>\u2022 Se construyen propuestas de Desarrollo Econ\u00f3mico para integrarlos en el Plan Estatal (PED) 2022&#8230;<\/p>\n","protected":false},"author":2,"featured_media":8654,"comment_status":"open","ping_status":"open","sticky":false,"template":"","format":"standard","meta":{"footnotes":""},"categories":[9],"tags":[],"jetpack_sharing_enabled":true,"featured_image_urls":{"full":"","thumbnail":"","medium":"","medium_large":"","large":"","1536x1536":"","2048x2048":"","covernews-slider-full":"","covernews-slider-center":"","covernews-featured":"","covernews-medium":"","covernews-medium-square":""},"author_info":{"display_name":"Miguel","author_link":"https:\/\/contextoanalisisperiodistico.com\/index.php\/author\/editor\/"},"category_info":"<a href=\"https:\/\/contextoanalisisperiodistico.com\/index.php\/category\/politica\/\" rel=\"category tag\">Pol\u00edtica<\/a>","tag_info":"Pol\u00edtica","comment_count":"0","jetpack_featured_media_url":"","_links":{"self":[{"href":"https:\/\/contextoanalisisperiodistico.com\/index.php\/wp-json\/wp\/v2\/posts\/8653"}],"collection":[{"href":"https:\/\/contextoanalisisperiodistico.com\/index.php\/wp-json\/wp\/v2\/posts"}],"about":[{"href":"https:\/\/contextoanalisisperiodistico.com\/index.php\/wp-json\/wp\/v2\/types\/post"}],"author":[{"embeddable":true,"href":"https:\/\/contextoanalisisperiodistico.com\/index.php\/wp-json\/wp\/v2\/users\/2"}],"replies":[{"embeddable":true,"href":"https:\/\/contextoanalisisperiodistico.com\/index.php\/wp-json\/wp\/v2\/comments?post=8653"}],"version-history":[{"count":0,"href":"https:\/\/contextoanalisisperiodistico.com\/index.php\/wp-json\/wp\/v2\/posts\/8653\/revisions"}],"wp:featuredmedia":[{"embeddable":true,"href":"https:\/\/contextoanalisisperiodistico.com\/index.php\/wp-json\/"}],"wp:attachment":[{"href":"https:\/\/contextoanalisisperiodistico.com\/index.php\/wp-json\/wp\/v2\/media?parent=8653"}],"wp:term":[{"taxonomy":"category","embeddable":true,"href":"https:\/\/contextoanalisisperiodistico.com\/index.php\/wp-json\/wp\/v2\/categories?post=8653"},{"taxonomy":"post_tag","embeddable":true,"href":"https:\/\/contextoanalisisperiodistico.com\/index.php\/wp-json\/wp\/v2\/tags?post=8653"}],"curies":[{"name":"wp","href":"https:\/\/api.w.org\/{rel}","templated":true}]}}