{"id":8646,"date":"2023-02-16T21:40:00","date_gmt":"2023-02-17T03:40:00","guid":{"rendered":"http:\/\/contextoanalisisperiodistico.com.mx\/?p=8646"},"modified":"2023-02-16T21:40:00","modified_gmt":"2023-02-17T03:40:00","slug":"en-mi-gobierno-no-habra-impunidad-se-castigara-a-los-que-le-robaron-al-pueblo-salomon-jara","status":"publish","type":"post","link":"https:\/\/contextoanalisisperiodistico.com\/index.php\/2023\/02\/16\/en-mi-gobierno-no-habra-impunidad-se-castigara-a-los-que-le-robaron-al-pueblo-salomon-jara\/","title":{"rendered":"\u201cEn mi gobierno no habr\u00e1 impunidad; se castigar\u00e1 a los que le robaron al pueblo\u201d: Salom\u00f3n Jara"},"content":{"rendered":"<div id=\"fb-root\"><\/div>\n\n<p>\u2022 Se\u00f1ala que no permitir\u00e1 actos que lastimen a la sociedad oaxaque\u00f1a<\/p>\n\n\n\n<p>Oaxaca de Ju\u00e1rez, Oax. 16 de febrero de 2023.- El Gobernador de Oaxaca, Salom\u00f3n Jara Cruz dio a conocer que en breve har\u00e1 p\u00fablico los abusos, irregularidades y actos de corrupci\u00f3n que se presentaron en la administraci\u00f3n pasada.<\/p>\n\n\n\n<p>\u201cEn mi gobierno no habr\u00e1 impunidad y se castigar\u00e1 a aquellos que le robaron al pueblo\u201d, expres\u00f3 el Mandatario oaxaque\u00f1o durante la Mesa de An\u00e1lisis en el programa informativo de \u201cJueves de Gozona\u201d, transmitido a trav\u00e9s de la Corporaci\u00f3n Oaxaque\u00f1a de Radio y Televisi\u00f3n (Cortv), y en la que participaron la y los periodistas Guadalupe Espinoza, Juan P\u00e9rez Audelo y Humberto Torres.<\/p>\n\n\n\n<p>El titular del Poder Ejecutivo expres\u00f3 que est\u00e1n auditando todas las obras que se realizaron como parte del Decreto 809, mediante el cual se aprob\u00f3 una deuda p\u00fablica por 3 mil 500 millones de pesos, y pr\u00f3ximamente se informar\u00e1 al pueblo de Oaxaca las observaciones realizadas, as\u00ed como el proceso a seguir para fincar responsabilidades.<\/p>\n\n\n\n<p>\u201cSea quien sea, que la pague, para que se acabe para siempre el robo, el hurto al pueblo y el ocupar un cargo como una Secretar\u00eda o Direcci\u00f3n para robarle al pueblo\u201d, dijo.<\/p>\n\n\n\n<p>De esta manera, Salom\u00f3n Jara expres\u00f3 que su administraci\u00f3n combatir\u00e1 la corrupci\u00f3n y no permitir\u00e1 la existencia de este tipo de actos que por d\u00e9cadas han lacerado a la sociedad, y afectado a los pueblos y comunidades.<\/p>\n\n\n\n<p>Asever\u00f3 que los problemas m\u00e1s grandes de Oaxaca son la marginaci\u00f3n, la pobreza y el olvido, que han colocado a la entidad, junto con los estados de Guerrero y Chiapas, en los \u00faltimos lugares a nivel nacional en educaci\u00f3n y salud.<\/p>\n\n\n\n<p>El titular de la Gubernatura en Oaxaca expres\u00f3 que trabajar\u00e1 para atender los temas de salud e inseguridad, que han sido una de las principales exigencias del pueblo; por ello se trabajar\u00e1 para reforzar las plantillas de m\u00e9dicos especialistas, el abasto de medicamentos; y se redoblar\u00e1n las estrategias de seguridad para fortalecer la gobernabilidad.<\/p>\n\n\n\n<p>\u201cOaxaca lo tiene todo y solo nos faltaba una oportunidad para salir adelante; ahora existen estas condiciones. Siempre he dicho que quiero trabajar y ofrecer a ser un buen gobierno; acabar con la corrupci\u00f3n, poner fin a privilegios y terminar con todos esos males que ocasionan la pobreza\u201d, se\u00f1al\u00f3, al tiempo de convocar a las organizaciones a sumarse a este proyecto y hacer juntos un buen gobierno\u201d.<\/p>\n\n\n\n<p>Destac\u00f3 que se tiene proyectado realizar diversas obras estrat\u00e9gicas, para impulsar el desarrollo de la entidad, como la autopista de la Ciudad de Oaxaca a Tuxtepec, la cual contar\u00e1 con el respaldo del Gobierno de M\u00e9xico; el libramiento Sur, y el saneamiento de los r\u00edos Atoyac y el Salado. \u201cSon proyectos muy importantes; pero son las que se necesitan en el estado\u201d, indic\u00f3.<\/p>\n\n\n\n<p>Salom\u00f3n Jara expres\u00f3 que, se tiene como premisa fundamental lograr la Reparaci\u00f3n Hist\u00f3rica de los Pueblos, a trav\u00e9s de diversas acciones, como la Guelaguetza, en donde se promover\u00e1 la autenticidad de las comunidades por regiones, y para lo cual ya se ha platicado con los pueblos, regiones y etnias para tener una asamblea en el mes de marzo y nutrir lo que ser\u00e1 el Lunes del Cerro.<\/p>\n\n\n\n<p>-0-<\/p>\n\n\n\n<figure class=\"wp-block-image size-large\"><img decoding=\"async\" src=\"https:\/\/contextoinformacionyanalisisperiodistico.files.wordpress.com\/2023\/02\/img-20230216-wa00775109031861767357673.jpg?w=1024\" alt=\"\" class=\"wp-image-8649\" \/><\/figure>\n\n\n\n<figure class=\"wp-block-image\"><img decoding=\"async\" src=\"https:\/\/contextoinformacionyanalisisperiodistico.files.wordpress.com\/2023\/02\/img-20230216-wa0078273626031420577148.jpg?w=1024\" alt=\"\" class=\"wp-image-8650\" \/><\/figure>\n\n\n\n<figure class=\"wp-block-image\"><img decoding=\"async\" src=\"https:\/\/contextoinformacionyanalisisperiodistico.files.wordpress.com\/2023\/02\/img-20230216-wa00793925497948461629033.jpg?w=1024\" alt=\"\" class=\"wp-image-8651\" \/><\/figure>\n","protected":false},"excerpt":{"rendered":"<p>\u2022 Se\u00f1ala que no permitir\u00e1 actos que lastimen a la sociedad oaxaque\u00f1a Oaxaca de Ju\u00e1rez,&#8230;<\/p>\n","protected":false},"author":2,"featured_media":8648,"comment_status":"open","ping_status":"open","sticky":false,"template":"","format":"standard","meta":{"footnotes":""},"categories":[9],"tags":[],"jetpack_sharing_enabled":true,"featured_image_urls":{"full":"","thumbnail":"","medium":"","medium_large":"","large":"","1536x1536":"","2048x2048":"","covernews-slider-full":"","covernews-slider-center":"","covernews-featured":"","covernews-medium":"","covernews-medium-square":""},"author_info":{"display_name":"Miguel","author_link":"https:\/\/contextoanalisisperiodistico.com\/index.php\/author\/editor\/"},"category_info":"<a href=\"https:\/\/contextoanalisisperiodistico.com\/index.php\/category\/politica\/\" rel=\"category tag\">Pol\u00edtica<\/a>","tag_info":"Pol\u00edtica","comment_count":"0","jetpack_featured_media_url":"","_links":{"self":[{"href":"https:\/\/contextoanalisisperiodistico.com\/index.php\/wp-json\/wp\/v2\/posts\/8646"}],"collection":[{"href":"https:\/\/contextoanalisisperiodistico.com\/index.php\/wp-json\/wp\/v2\/posts"}],"about":[{"href":"https:\/\/contextoanalisisperiodistico.com\/index.php\/wp-json\/wp\/v2\/types\/post"}],"author":[{"embeddable":true,"href":"https:\/\/contextoanalisisperiodistico.com\/index.php\/wp-json\/wp\/v2\/users\/2"}],"replies":[{"embeddable":true,"href":"https:\/\/contextoanalisisperiodistico.com\/index.php\/wp-json\/wp\/v2\/comments?post=8646"}],"version-history":[{"count":0,"href":"https:\/\/contextoanalisisperiodistico.com\/index.php\/wp-json\/wp\/v2\/posts\/8646\/revisions"}],"wp:featuredmedia":[{"embeddable":true,"href":"https:\/\/contextoanalisisperiodistico.com\/index.php\/wp-json\/"}],"wp:attachment":[{"href":"https:\/\/contextoanalisisperiodistico.com\/index.php\/wp-json\/wp\/v2\/media?parent=8646"}],"wp:term":[{"taxonomy":"category","embeddable":true,"href":"https:\/\/contextoanalisisperiodistico.com\/index.php\/wp-json\/wp\/v2\/categories?post=8646"},{"taxonomy":"post_tag","embeddable":true,"href":"https:\/\/contextoanalisisperiodistico.com\/index.php\/wp-json\/wp\/v2\/tags?post=8646"}],"curies":[{"name":"wp","href":"https:\/\/api.w.org\/{rel}","templated":true}]}}